{"id":105750,"date":"2020-11-25T09:45:00","date_gmt":"2020-11-25T14:45:00","guid":{"rendered":"https:\/\/linitiative.ca\/International\/reunion-du-premier-ministre-avec-les-walis-la-situation-sanitaire-et-leau-potable-au-menu\/"},"modified":"2020-11-25T09:45:00","modified_gmt":"2020-11-25T14:45:00","slug":"reunion-du-premier-ministre-avec-les-walis-la-situation-sanitaire-et-leau-potable-au-menu","status":"publish","type":"post","link":"https:\/\/linitiative.ca\/International\/reunion-du-premier-ministre-avec-les-walis-la-situation-sanitaire-et-leau-potable-au-menu\/","title":{"rendered":"<div>REUNION DU PREMIER MINISTRE AVEC LES WALIS  : La situation sanitaire et l&rsquo;eau potable au menu<\/div>"},"content":{"rendered":"<p><br id=\"sep_para_1\" class=\"sep_para access\"\/><\/p>\n<div id=\"para_1\" class=\"para_39675575 resize\">\n<div class=\"texte access firstletter\">Ont pris part \u00e0 cette r\u00e9union, tenue par visioconf\u00e9rence, les ministres de l\u2019Int\u00e9rieur, des Collectivit\u00e9s locales et de l\u2019Am\u00e9nagement du territoire, de l\u2019Education nationale, de la Sant\u00e9, de la Population et de la R\u00e9forme hospitali\u00e8re, de l\u2019Agriculture et du D\u00e9veloppement rural ainsi que le ministre des Ressources en eau, a indiqu\u00e9 un communiqu\u00e9 des services du Premier ministre.\u00a0 Cette r\u00e9union a \u00e9t\u00e9 consacr\u00e9e en premier lieu \u00e0 \u00ab\u00a0l\u2019\u00e9valuation des mesures prises dans le cadre de la lutte contre l\u2019\u00e9pid\u00e9mie du coronavirus ainsi que les dispositions \u00e0 prendre, notamment pour renforcer les capacit\u00e9s au niveau des \u00e9tablissements hospitaliers en mati\u00e8re de lits d\u2019hospitalisation et de r\u00e9animation\u00a0\u00bb, pr\u00e9cise la m\u00eame source. Dans le m\u00eame cadre, \u00ab\u00a0la situation sanitaire au niveau des \u00e9tablissements scolaires a \u00e9t\u00e9 examin\u00e9e avec la pr\u00e9sentation du dispositif de suivi sp\u00e9cifique mis en place par le secteur de l\u2019\u00e9ducation nationale au niveau central et local avec l\u2019\u00e9valuation des besoins en mati\u00e8re de moyens suppl\u00e9mentaires de pr\u00e9vention, de protection et de d\u00e9sinfection\u00a0\u00bb.\u00a0 En second lieu, la r\u00e9union a examin\u00e9 \u00ab\u00a0les dispositifs particuliers et op\u00e9rationnels \u00e0 mettre en \u0153uvre par les walis, en coordination avec les secteurs concern\u00e9s, pour la s\u00e9curisation de l\u2019approvisionnement de la population en eau potable afin de pallier au d\u00e9ficit pluviom\u00e9trique suite \u00e0 la vague de s\u00e9cheresse que traverse notre pays\u00a0\u00bb, ajoute le communiqu\u00e9. Quant au volet consacr\u00e9 au syst\u00e8me de pr\u00e9vention contre les inondations, \u00ab\u00a0un \u00e9tat des lieux a \u00e9t\u00e9 pr\u00e9sent\u00e9 ainsi que sur les actions \u00e0 mener dans l\u2019imm\u00e9diat durant la saison automnale et hivernale\u00a0\u00bb. A la fin de la r\u00e9union, le Premier ministre a instruit les walis \u00e0 l\u2019effet d\u2019\u00a0\u00bbaccroitre le degr\u00e9 de vigilance face \u00e0 la r\u00e9cente recrudescence de l\u2019\u00e9pid\u00e9mie du Covid-19, tout en axant les efforts sur l\u2019am\u00e9lioration de la prise en charge de l\u2019hospitalisation des patients\u00a0\u00bb.\u00a0 Le Premier ministre a charg\u00e9 aussi les walis de \u00ab\u00a0veiller \u00e0 la mobilisation de brigades de contr\u00f4le compos\u00e9es notamment des inspecteurs du corps de l\u2019\u00e9ducation nationale et les personnels de la sant\u00e9 scolaire pour effectuer un contr\u00f4le permanent et rigoureux de l\u2019application du protocole sanitaire dans chaque \u00e9tablissement scolaire et de veiller \u00e0 la r\u00e9partition \u00e9quitable et continue en moyens de pr\u00e9vention et de protection au niveau de ces \u00e9tablissements\u00a0\u00bb.<\/div>\n<\/div>\n<p>Auteur: Ismain<br \/>\n<a href=\"https:\/\/www.reflexiondz.net\/REUNION-DU-PREMIER-MINISTRE-AVEC-LES-WALIS-La-situation-sanitaire-et-l-eau-potable-au-menu_a66442.html\">Cliquez ici pour lire l&rsquo;article depuis sa source.<\/a><\/p>\n","protected":false},"excerpt":{"rendered":"<p>Ont pris part \u00e0 cette r\u00e9union, tenue par visioconf\u00e9rence, les ministres de l\u2019Int\u00e9rieur, des Collectivit\u00e9s locales et de l\u2019Am\u00e9nagement du territoire, de l\u2019Education nationale, de la Sant\u00e9, de la Population et de la R\u00e9forme hospitali\u00e8re, de l\u2019Agriculture et du D\u00e9veloppement rural ainsi que le ministre des Ressources en eau, a indiqu\u00e9 un communiqu\u00e9 des services [&hellip;]<\/p>\n","protected":false},"author":1740,"featured_media":0,"comment_status":"closed","ping_status":"closed","sticky":false,"template":"","format":"standard","meta":{"fifu_image_url":"","fifu_image_alt":"","footnotes":""},"categories":[53,76],"tags":[],"class_list":["post-105750","post","type-post","status-publish","format-standard","hentry","category-algerie","category-regions"],"_links":{"self":[{"href":"https:\/\/linitiative.ca\/International\/wp-json\/wp\/v2\/posts\/105750","targetHints":{"allow":["GET"]}}],"collection":[{"href":"https:\/\/linitiative.ca\/International\/wp-json\/wp\/v2\/posts"}],"about":[{"href":"https:\/\/linitiative.ca\/International\/wp-json\/wp\/v2\/types\/post"}],"author":[{"embeddable":true,"href":"https:\/\/linitiative.ca\/International\/wp-json\/wp\/v2\/users\/1740"}],"replies":[{"embeddable":true,"href":"https:\/\/linitiative.ca\/International\/wp-json\/wp\/v2\/comments?post=105750"}],"version-history":[{"count":0,"href":"https:\/\/linitiative.ca\/International\/wp-json\/wp\/v2\/posts\/105750\/revisions"}],"wp:attachment":[{"href":"https:\/\/linitiative.ca\/International\/wp-json\/wp\/v2\/media?parent=105750"}],"wp:term":[{"taxonomy":"category","embeddable":true,"href":"https:\/\/linitiative.ca\/International\/wp-json\/wp\/v2\/categories?post=105750"},{"taxonomy":"post_tag","embeddable":true,"href":"https:\/\/linitiative.ca\/International\/wp-json\/wp\/v2\/tags?post=105750"}],"curies":[{"name":"wp","href":"https:\/\/api.w.org\/{rel}","templated":true}]}}