{"id":105756,"date":"2020-11-25T09:45:00","date_gmt":"2020-11-25T14:45:00","guid":{"rendered":"https:\/\/linitiative.ca\/International\/crimes-denlevement-le-texte-de-loi-devant-les-senateurs\/"},"modified":"2020-11-25T09:45:00","modified_gmt":"2020-11-25T14:45:00","slug":"crimes-denlevement-le-texte-de-loi-devant-les-senateurs","status":"publish","type":"post","link":"https:\/\/linitiative.ca\/International\/crimes-denlevement-le-texte-de-loi-devant-les-senateurs\/","title":{"rendered":"<div>CRIMES D&rsquo;ENLEVEMENT  : Le texte de loi  devant les s\u00e9nateurs<\/div>"},"content":{"rendered":"<p><br id=\"sep_para_1\" class=\"sep_para access\"\/><\/p>\n<div id=\"para_1\" class=\"para_39675556 resize\">\n<div class=\"texte access firstletter\">Le ministre\u00a0 de la Justice, Garde des Sceaux, Belkacem Zeghmati, a pr\u00e9sent\u00e9 mercredi le projet de loi relatif \u00e0 la protection et la lutte contre les crimes d&rsquo;enl\u00e8vement devant les membres du Conseil de la nation. M. Zeghmati a expliqu\u00e9, dans ce cadre, que ce texte de loi vise \u00e0 \u00ab\u00a0adapter la l\u00e9gislation nationale au d\u00e9veloppement du crime sous toutes ses formes\u00a0\u00bb, soulignant que les crimes d&rsquo;enl\u00e8vement, un ph\u00e9nom\u00e8ne \u00ab\u00a0\u00e9tranger \u00e0 notre soci\u00e9t\u00e9 et contraire \u00e0 nos valeurs\u00a0\u00bb, figurent parmi \u00ab\u00a0les crimes les plus dangereux auxquels fait face le monde aujourd&rsquo;hui\u00a0\u00bb. Criminalisant toutes les formes d&rsquo;enl\u00e8vement, le texte pr\u00e9voit des peines s\u00e9v\u00e8res allant jusqu&rsquo;\u00e0 la perp\u00e9tuit\u00e9 ou la peine capitale selon la gravit\u00e9 du crime commis et ses r\u00e9percussions, outre une amende allant jusqu&rsquo;\u00e0 2 millions Da. Elabor\u00e9 en 54 articles, le projet de loi pr\u00e9cise les circonstances aggravantes qui sont li\u00e9es \u00e0 \u00ab\u00a0la qualit\u00e9 de l\u2019auteur ou de la victime\u00a0\u00bb ainsi que les excuses absolutoires et les circonstances att\u00e9nuantes induisant une suppression ou l&rsquo;all\u00e9gement de la peine, s\u2019il est mis fin d\u00e9lib\u00e9r\u00e9ment \u00e0 l\u2019enl\u00e8vement. Cela prot\u00e9gera la victime et encouragera l\u2019auteur du crime \u00e0 y renoncer. Concernant les peines durcies que pr\u00e9voit le projet de loi, \u00ab\u00a0l&rsquo;ensemble des peines \u00e9nonc\u00e9es sont \u00e0 caract\u00e8re p\u00e9nal\u00a0\u00bb. Dans le cas de d&rsquo;enl\u00e8vement d&rsquo;enfant, le l\u00e9gislateur a \u00ab\u00a0pr\u00e9vu deux peines: la perp\u00e9tuit\u00e9 ou la peine capitale\u00a0\u00bb. Les mesures coercitives ne s\u2019arr\u00eatent pas l\u00e0, selon le texte, puisqu\u2019elles vont jusqu\u2019\u00e0 priver les auteurs de ce genre de crimes de b\u00e9n\u00e9ficier des circonstances att\u00e9nuantes et de b\u00e9n\u00e9ficier d\u2019une adaptation de la peine. Autrement dit, ils ne pourront pas b\u00e9n\u00e9ficier d\u2019une autorisation de sortie, de la semi-libert\u00e9, du placement dans un atelier \u00e0 l\u2019ext\u00e9rieur ou de la libert\u00e9 conditionnelle et sont par cons\u00e9quent contraints \u00e0 passer la totalit\u00e9 de leur peine dans un espace clos. Le projet ne permet pas aux auteurs de ces crimes de b\u00e9n\u00e9ficier des circonstances att\u00e9nuantes, notamment si ces crimes sont perp\u00e9tr\u00e9s contre des enfants, en cas de recours \u00e0 la torture, \u00e0 la violence sexuelle ou \u00e0 la demande de ran\u00e7on. Ledit projet de loi pr\u00e9voit la possibilit\u00e9 pour le Parquet g\u00e9n\u00e9ral de d\u00e9clencher syst\u00e9matiquement l\u2019action publique m\u00eame en l\u2019absence de plainte.\u00a0\u00a0\u00a0\u00a0\u00a0\u00a0\u00a0\u00a0<\/div>\n<\/div>\n<p>Auteur: Ismain<br \/>\n<a href=\"https:\/\/www.reflexiondz.net\/CRIMES-D-ENLEVEMENT-Le-texte-de-loi-devant-les-senateurs_a66441.html\">Cliquez ici pour lire l&rsquo;article depuis sa source.<\/a><\/p>\n","protected":false},"excerpt":{"rendered":"<p>Le ministre\u00a0 de la Justice, Garde des Sceaux, Belkacem Zeghmati, a pr\u00e9sent\u00e9 mercredi le projet de loi relatif \u00e0 la protection et la lutte contre les crimes d&rsquo;enl\u00e8vement devant les membres du Conseil de la nation. M. Zeghmati a expliqu\u00e9, dans ce cadre, que ce texte de loi vise \u00e0 \u00ab\u00a0adapter la l\u00e9gislation nationale au [&hellip;]<\/p>\n","protected":false},"author":1740,"featured_media":0,"comment_status":"closed","ping_status":"closed","sticky":false,"template":"","format":"standard","meta":{"fifu_image_url":"","fifu_image_alt":"","footnotes":""},"categories":[53,76],"tags":[],"class_list":["post-105756","post","type-post","status-publish","format-standard","hentry","category-algerie","category-regions"],"_links":{"self":[{"href":"https:\/\/linitiative.ca\/International\/wp-json\/wp\/v2\/posts\/105756","targetHints":{"allow":["GET"]}}],"collection":[{"href":"https:\/\/linitiative.ca\/International\/wp-json\/wp\/v2\/posts"}],"about":[{"href":"https:\/\/linitiative.ca\/International\/wp-json\/wp\/v2\/types\/post"}],"author":[{"embeddable":true,"href":"https:\/\/linitiative.ca\/International\/wp-json\/wp\/v2\/users\/1740"}],"replies":[{"embeddable":true,"href":"https:\/\/linitiative.ca\/International\/wp-json\/wp\/v2\/comments?post=105756"}],"version-history":[{"count":0,"href":"https:\/\/linitiative.ca\/International\/wp-json\/wp\/v2\/posts\/105756\/revisions"}],"wp:attachment":[{"href":"https:\/\/linitiative.ca\/International\/wp-json\/wp\/v2\/media?parent=105756"}],"wp:term":[{"taxonomy":"category","embeddable":true,"href":"https:\/\/linitiative.ca\/International\/wp-json\/wp\/v2\/categories?post=105756"},{"taxonomy":"post_tag","embeddable":true,"href":"https:\/\/linitiative.ca\/International\/wp-json\/wp\/v2\/tags?post=105756"}],"curies":[{"name":"wp","href":"https:\/\/api.w.org\/{rel}","templated":true}]}}