{"id":105760,"date":"2020-11-25T05:00:00","date_gmt":"2020-11-25T10:00:00","guid":{"rendered":"https:\/\/linitiative.ca\/International\/et-que-chacun-se-debrouille\/"},"modified":"2020-11-25T05:00:00","modified_gmt":"2020-11-25T10:00:00","slug":"et-que-chacun-se-debrouille","status":"publish","type":"post","link":"https:\/\/linitiative.ca\/International\/et-que-chacun-se-debrouille\/","title":{"rendered":"Et que chacun se d\u00e9brouille !"},"content":{"rendered":"<p>Il y a ceux qui se savent contagieux mais qui refusent de s\u2019isoler. Ils sont conscients du mal qu\u2019ils pourraient faire \u00e0 autrui, mais ils y vont. Ils sortent quand m\u00eame. Parce que, dehors, il y a les f\u00eates et les enterrements auxquels ils ne peuvent se soustraire. Et il y a les bousculades au march\u00e9 dont ils ne peuvent se priver. Dehors, il y a un monde qui bouge o\u00f9 des gens, conscients d\u2019\u00eatre porteurs du virus, mais dont ils supportent les effets, courent, sans \u00e9tat d\u2019\u00e2me, contaminer leur prochain. Sinon, comment sortir sain et rentrer sans se douter, avant l\u2019apparition des sympt\u00f4mes, que l\u2019on a chop\u00e9 le mal qui, entre-temps, aura infect\u00e9 la maison ? Ce qui choque le plus dans l\u2019affaire, c\u2019est que l\u2019on ne dise pas aux voisins, \u00e0 l\u2019\u00e9picier du coin ou au reste de la famille et aux amis que l\u2019on est malade. Beaucoup des personnes atteintes ne l\u2019avouent pas, sauf au m\u00e9decin qu\u2019elles courent consulter. Elles le cachent et tiennent absolument \u00e0 ce que la nouvelle ne transpire pas des murs de la maison. Comme s\u2019il s\u2019agissait d\u2019une maladie honteuse.<br \/>J\u2019avais envie, aujourd\u2019hui, de parler de celles et ceux qui gardent au secret le fait d\u2019avoir \u00e9t\u00e9 contamin\u00e9s au Covid-19. Comme si en informer son entourage et toutes les personnes crois\u00e9es durant ses p\u00e9r\u00e9grinations quotidiennes mena\u00e7ait de bouleverser les habitudes, de couper du reste du monde ou de changer le regard ext\u00e9rieur \u00e0 leur \u00e9gard. Pas question de se tenir \u00e0 distance ou de courir le risque d\u2019\u00eatre mis \u00e0 la marge comme un l\u00e9preux. Ne rien dire et surtout ne pas s\u2019interdire de sortir. Faire comme si on \u00e9tait en parfaite sant\u00e9. Peu importe de continuer \u00e0 postillonner sur les autres et d\u2019aller et venir au m\u00e9pris des cons\u00e9quences et de ceux dont on menace la vie sur son passage.<br \/>La responsabilit\u00e9 \u00e0 l\u2019\u00e9gard des autres ? Au diable le confinement et les restrictions impos\u00e9es par une autorit\u00e9 que l\u2019on soup\u00e7onne de rouler pour elle-m\u00eame ! Jusqu\u2019au moment o\u00f9 les gens du quartier entendent hurler les sir\u00e8nes d\u2019une ambulance venue se garer au pied de l\u2019immeuble. Stup\u00e9fait, le voisinage r\u00e9alise qu\u2019il s\u2019agit du monsieur du 4e \u00e9tage dont rien ne laissait soup\u00e7onner qu\u2019il \u00e9tait atteint.<br \/>M.\u2008B.\u2008<\/p>\n<p>Auteur:<br \/>\n<a href=\"https:\/\/www.lesoirdalgerie.com\/soit-dit-en-passant\/et-que-chacun-se-debrouille-51977\">Cliquez ici pour lire l&rsquo;article depuis sa source.<\/a><\/p>\n","protected":false},"excerpt":{"rendered":"<p>Il y a ceux qui se savent contagieux mais qui refusent de s\u2019isoler. Ils sont conscients du mal qu\u2019ils pourraient faire \u00e0 autrui, mais ils y vont. Ils sortent quand m\u00eame. Parce que, dehors, il y a les f\u00eates et les enterrements auxquels ils ne peuvent se soustraire. Et il y a les bousculades au [&hellip;]<\/p>\n","protected":false},"author":1741,"featured_media":0,"comment_status":"closed","ping_status":"closed","sticky":false,"template":"","format":"standard","meta":{"fifu_image_url":"","fifu_image_alt":"","footnotes":""},"categories":[73,53],"tags":[],"class_list":["post-105760","post","type-post","status-publish","format-standard","hentry","category-actualite","category-algerie"],"_links":{"self":[{"href":"https:\/\/linitiative.ca\/International\/wp-json\/wp\/v2\/posts\/105760","targetHints":{"allow":["GET"]}}],"collection":[{"href":"https:\/\/linitiative.ca\/International\/wp-json\/wp\/v2\/posts"}],"about":[{"href":"https:\/\/linitiative.ca\/International\/wp-json\/wp\/v2\/types\/post"}],"author":[{"embeddable":true,"href":"https:\/\/linitiative.ca\/International\/wp-json\/wp\/v2\/users\/1741"}],"replies":[{"embeddable":true,"href":"https:\/\/linitiative.ca\/International\/wp-json\/wp\/v2\/comments?post=105760"}],"version-history":[{"count":0,"href":"https:\/\/linitiative.ca\/International\/wp-json\/wp\/v2\/posts\/105760\/revisions"}],"wp:attachment":[{"href":"https:\/\/linitiative.ca\/International\/wp-json\/wp\/v2\/media?parent=105760"}],"wp:term":[{"taxonomy":"category","embeddable":true,"href":"https:\/\/linitiative.ca\/International\/wp-json\/wp\/v2\/categories?post=105760"},{"taxonomy":"post_tag","embeddable":true,"href":"https:\/\/linitiative.ca\/International\/wp-json\/wp\/v2\/tags?post=105760"}],"curies":[{"name":"wp","href":"https:\/\/api.w.org\/{rel}","templated":true}]}}