{"id":105761,"date":"2020-11-25T07:55:06","date_gmt":"2020-11-25T12:55:06","guid":{"rendered":"https:\/\/linitiative.ca\/International\/113295-the-best-fifa-awards-2020-la-liste-des-nommes-devoilee\/"},"modified":"2020-11-25T07:55:06","modified_gmt":"2020-11-25T12:55:06","slug":"113295-the-best-fifa-awards-2020-la-liste-des-nommes-devoilee","status":"publish","type":"post","link":"https:\/\/linitiative.ca\/International\/113295-the-best-fifa-awards-2020-la-liste-des-nommes-devoilee\/","title":{"rendered":"The Best Fifa Awards 2020 : la liste des nomm\u00e9s d\u00e9voil\u00e9e"},"content":{"rendered":"<div readability=\"38\">\n<p dir=\"ltr\" class=\"c30\"><strong>ZURICH &#8211; La f\u00e9d\u00e9ration internationale de football (Fifa), a d\u00e9voil\u00e9 ce mercredi les listes des nomm\u00e9(e)s pour les distinctions individuelles qui seront remises dans le cadre de la c\u00e9r\u00e9monie des The Best FIFA Football Awards, pr\u00e9vue le 17 d\u00e9cembre prochain sous une forme virtuelle, rapporte l\u2019instance mondiale sur son site officiel.<\/strong><\/p>\n<\/div>\n<div readability=\"169.30527638191\">\n<p dir=\"ltr\" class=\"c30\">Deux panels d\u2019experts &#8211; un pour le football f\u00e9minin et l\u2019autre pour le football masculin &#8211; ont d\u00e9cid\u00e9 des noms retenus pour chaque cat\u00e9gorie.<\/p>\n<blockquote readability=\"9\">\n<p dir=\"ltr\" class=\"c30\"><em><strong>La c\u00e9r\u00e9monie de remise des prix Fifa The Best, initialement pr\u00e9vue en septembre a \u00e9t\u00e9 report\u00e9e en raison de la pand\u00e9mie de coronavirus (Covid-19), se tiendra finalement sous une forme virtuelle le 17 d\u00e9cembre.<\/strong><\/em><\/p>\n<\/blockquote>\n<p dir=\"ltr\" class=\"c30\">Les successeurs de Lionel Messi et Megan Rapinoe, couronn\u00e9s l&rsquo;an pass\u00e9 \u00e0 la Scala de Milan, recevront un troph\u00e9e au go\u00fbt de Ballon d&rsquo;Or, puisque la r\u00e9compense supr\u00eame habituellement d\u00e9cern\u00e9e en d\u00e9cembre par le magazine France Football a \u00e9t\u00e9 annul\u00e9e cette ann\u00e9e.<\/p>\n<hr\/>\n<p dir=\"ltr\" class=\"c30\"><strong>Lire aussi:\u00a0<\/strong><a href=\"http:\/\/www.aps.dz\/sport\/113281-coupe-arabe-de-la-fifa-2021-22-pays-dont-l-algerie-confirment-leur-participation\">Coupe arabe de la Fifa 2021 : 22 pays dont l\u2019Alg\u00e9rie confirment leur participation<\/a><\/p>\n<hr\/>\n<p dir=\"ltr\" class=\"c30\">Le laur\u00e9at ou la laur\u00e9ate est s\u00e9lectionn\u00e9(e) par un jury international compos\u00e9 d\u2019un panel de Fifa Legends ainsi que des supporters et supportrices du monde entier inscrits sur FIFA.com.<\/p>\n<p dir=\"ltr\" class=\"c30\">Les deux composantes du jury disposent du m\u00eame poids \u00e9lectoral. Les amateurs de football ont jusqu\u2019au 9 d\u00e9cembre \u00e0 23h59 (CET) pour soumettre leurs votes sur FIFA.com.<\/p>\n<p dir=\"ltr\" class=\"c30\">La Fifa d\u00e9voilera le 11 d\u00e9cembre les trois finalistes de chacune des sept cat\u00e9gories.<\/p>\n<p dir=\"ltr\" class=\"c30\">\u00a0<\/p>\n<h2 dir=\"ltr\" class=\"c32\"><span class=\"c31\"><strong>Liste des nomin\u00e9(e)s<\/strong><\/span><\/h2>\n<p dir=\"ltr\" class=\"c30\">\u00a0<\/p>\n<p dir=\"ltr\" class=\"c30\"><strong>The Best &#8211; Joueur de la Fifa :<\/strong><\/p>\n<p dir=\"ltr\" class=\"c30\">Thiago Alc\u00e2ntara (Espagne \u2013 FC Bayern Munich\/ Liverpool FC)<\/p>\n<p dir=\"ltr\" class=\"c30\">Cristiano Ronaldo (Portugal \u2013 Juventus FC)<\/p>\n<p dir=\"ltr\" class=\"c30\">Kevin De Bruyne (Belgique \u2013 Manchester City FC)<\/p>\n<p dir=\"ltr\" class=\"c30\">Robert Lewandowski (Pologne \u2013 FC Bayern Munich)<\/p>\n<p dir=\"ltr\" class=\"c30\">Sadio Man\u00e9 (S\u00e9n\u00e9gal \u2013 Liverpool FC)<\/p>\n<p dir=\"ltr\" class=\"c30\">Kylian Mbapp\u00e9 (France \u2013 Paris Saint-Germain)<\/p>\n<p dir=\"ltr\" class=\"c30\">Lionel Messi (Argentine \u2013 FC Barcelone)<\/p>\n<p dir=\"ltr\" class=\"c30\">Neymar (Br\u00e9sil \u2013 Paris Saint-Germain)<\/p>\n<p dir=\"ltr\" class=\"c30\">Sergio Ramos (Espagne \u2013 Real Madrid CF)<\/p>\n<p dir=\"ltr\" class=\"c30\">Mohamed Salah (Egypte \u2013 Liverpool FC)<\/p>\n<p dir=\"ltr\" class=\"c30\">Virgil van Dijk (Pays-Bas \u2013 Liverpool FC)<\/p>\n<p dir=\"ltr\" class=\"c30\">\u00a0<\/p>\n<p dir=\"ltr\" class=\"c30\"><strong>The Best &#8211; Joueuse de la Fifa:<\/strong><\/p>\n<p dir=\"ltr\" class=\"c30\">Lucy Bronze (Angleterre &#8211; Olympique Lyonnais \/ Manchester City WFC)<\/p>\n<p dir=\"ltr\" class=\"c30\">Delphine Cascarino (France &#8211; Olympique Lyonnais)<\/p>\n<p dir=\"ltr\" class=\"c30\">Caroline Graham Hansen (Norv\u00e8ge &#8211; FC Barcelone)<\/p>\n<p dir=\"ltr\" class=\"c30\">Pernille Harder (Danemark &#8211; VfL Wolfsburg \/ Chelsea)<\/p>\n<p dir=\"ltr\" class=\"c30\">Jennifer Hermoso (Espagne &#8211; FC Barcelone)<\/p>\n<p dir=\"ltr\" class=\"c30\">Ji So-yun (R\u00e9publique de Cor\u00e9e &#8211; Chelsea)<\/p>\n<p dir=\"ltr\" class=\"c30\">Sam Kerr (Australie &#8211; Chelsea)<\/p>\n<p dir=\"ltr\" class=\"c30\">Aki Kumagai (Japon &#8211; Olympique Lyonnais)<\/p>\n<p dir=\"ltr\" class=\"c30\">Dzsenifer Marozs?n (Allemagne &#8211; Olympique Lyonnais)<\/p>\n<p dir=\"ltr\" class=\"c30\">Vivianne Miedema (Pays-Bas &#8211; Arsenal WFC)<\/p>\n<p dir=\"ltr\" class=\"c30\">Wendie Renard (France \u2013 Olympique Lyonnais)\u00a0<\/p>\n<p dir=\"ltr\" class=\"c30\">\u00a0<\/p>\n<p dir=\"ltr\" class=\"c30\"><strong>The Best &#8211; Gardien de but de la Fifa :\u00a0<\/strong><\/p>\n<p dir=\"ltr\" class=\"c30\">Alisson Becker (Br\u00e9sil \u2013 Liverpool FC)<\/p>\n<p dir=\"ltr\" class=\"c30\">Thibaut Courtois (Belgique \u2013 Real Madrid CF)<\/p>\n<p dir=\"ltr\" class=\"c30\">Keylor Navas (Costa Rica \u2013 Paris Saint-Germain)<\/p>\n<p dir=\"ltr\" class=\"c30\">Manuel Neuer (Allemagne \/ FC Bayern Munich)<\/p>\n<p dir=\"ltr\" class=\"c30\">Jan Oblak (Slov\u00e9nie \u2013 Atl\u00e9tico de Madrid)<\/p>\n<p dir=\"ltr\" class=\"c30\">Marc-Andr\u00e9 ter Stegen (Allemagne \u2013 FC Barcelone)<\/p>\n<p dir=\"ltr\" class=\"c30\">\u00a0<\/p>\n<p dir=\"ltr\" class=\"c30\"><strong>The Best &#8211; Gardienne de but de la Fifa :<\/strong><\/p>\n<p dir=\"ltr\" class=\"c30\">Ann-Katrin Berger (Allemagne \u2013 Chelsea FC Women)<\/p>\n<p dir=\"ltr\" class=\"c30\">Sarah Bouhaddi (France \u2013 Olympique Lyonnais)<\/p>\n<p dir=\"ltr\" class=\"c30\">Christiane Endler (Chili \u2013 Paris Saint-Germain)<\/p>\n<p dir=\"ltr\" class=\"c30\">Hedvig Lindahl (Su\u00e8de \u2013 VfL Wolfsburg \/ Atl\u00e9tico de Madrid Femenino)<\/p>\n<p dir=\"ltr\" class=\"c30\">Alyssa Naeher (Etats-Unis \u2013 Chicago Red Stars)<\/p>\n<p dir=\"ltr\" class=\"c30\">Ellie Roebuck (Angleterre \u2013 Manchester City WFC)<\/p>\n<p dir=\"ltr\" class=\"c30\">\u00a0<\/p>\n<p dir=\"ltr\" class=\"c30\"><strong>The Best \u2013 Entra\u00eeneur de la Fifa pour le football masculin :<\/strong><\/p>\n<p dir=\"ltr\" class=\"c30\">Marcelo Bielsa (Argentine \u2013 Leeds United FC)<\/p>\n<p dir=\"ltr\" class=\"c30\">Hans-Dieter Flick (Allemagne \u2013 FC Bayern Munich)<\/p>\n<p dir=\"ltr\" class=\"c30\">J\u00fcrgen Klopp (Allemagne \u2013 Liverpool FC)<\/p>\n<p dir=\"ltr\" class=\"c30\">Julen Lopetegui (Espagne \u2013 S\u00e9ville FC)<\/p>\n<p dir=\"ltr\" class=\"c30\">Zin\u00e9dine Zidane (France \u2013 Real Madrid CF)<\/p>\n<p dir=\"ltr\" class=\"c30\">\u00a0<\/p>\n<p dir=\"ltr\" class=\"c30\"><strong>The Best &#8211; Entra\u00eeneur de la Fifa pour le football f\u00e9minin :<\/strong><\/p>\n<p dir=\"ltr\" class=\"c30\">Lluis Cort\u00e9s (Espagne \u2013 FC Barcelone)<\/p>\n<p dir=\"ltr\" class=\"c30\">Rita Guarino (Italie \u2013 Juventus Women)<\/p>\n<p dir=\"ltr\" class=\"c30\">Emma Hayes (Angleterre \u2013 Chelsea FC Women)<\/p>\n<p dir=\"ltr\" class=\"c30\">Stephan Lerch (Allemagne \u2013 VfL Wolfsburg)<\/p>\n<p dir=\"ltr\" class=\"c30\">Hege Riise (Norv\u00e8ge \u2013 LSK Kvinner)<\/p>\n<p dir=\"ltr\" class=\"c30\">Jean-Luc Vasseur (France \u2013 Olympique Lyonnais)<\/p>\n<p dir=\"ltr\" class=\"c30\">Sarina Wiegman (Pays-Bas \u2013 Equipe nationale des Pays-Bas)<\/p>\n<p dir=\"ltr\" class=\"c30\">\u00a0<\/p>\n<p dir=\"ltr\" class=\"c30\"><strong>Prix Puskas de la Fifa du meilleur but :\u00a0<\/strong><\/p>\n<p dir=\"ltr\" class=\"c30\">Shirley Cruz (CRC), Giorgian De Arrascaeta (URU), Jordan Flores (ANG), Andr\u00e9-Pierre Gignac (FRA), Sophie Ingle (WAL), Zlatko Junuzovic (AUT), Hlompho Kekana (RSA), Son Heung-min (KOR), Leonel qui\u00f1onez (ECU), Luis Suarez (URU), Caroline Weir (SCO).<\/p>\n<\/div>\n<p>Auteur:<br \/>\n<a href=\"http:\/\/www.aps.dz\/sport\/113295-the-best-fifa-awards-2020-la-liste-des-nommes-devoilee?utm_source=feedburner&#038;utm_medium=feed&#038;utm_campaign=Feed%3A+aps-sport+%28APS+-+SPORT%29\">Cliquez ici pour lire l&rsquo;article depuis sa source.<\/a><\/p>\n","protected":false},"excerpt":{"rendered":"<p>ZURICH &#8211; La f\u00e9d\u00e9ration internationale de football (Fifa), a d\u00e9voil\u00e9 ce mercredi les listes des nomm\u00e9(e)s pour les distinctions individuelles qui seront remises dans le cadre de la c\u00e9r\u00e9monie des The Best FIFA Football Awards, pr\u00e9vue le 17 d\u00e9cembre prochain sous une forme virtuelle, rapporte l\u2019instance mondiale sur son site officiel. Deux panels d\u2019experts &#8211; [&hellip;]<\/p>\n","protected":false},"author":1790,"featured_media":0,"comment_status":"closed","ping_status":"closed","sticky":false,"template":"","format":"standard","meta":{"fifu_image_url":"","fifu_image_alt":"","footnotes":""},"categories":[53,75],"tags":[],"class_list":["post-105761","post","type-post","status-publish","format-standard","hentry","category-algerie","category-sport"],"_links":{"self":[{"href":"https:\/\/linitiative.ca\/International\/wp-json\/wp\/v2\/posts\/105761","targetHints":{"allow":["GET"]}}],"collection":[{"href":"https:\/\/linitiative.ca\/International\/wp-json\/wp\/v2\/posts"}],"about":[{"href":"https:\/\/linitiative.ca\/International\/wp-json\/wp\/v2\/types\/post"}],"author":[{"embeddable":true,"href":"https:\/\/linitiative.ca\/International\/wp-json\/wp\/v2\/users\/1790"}],"replies":[{"embeddable":true,"href":"https:\/\/linitiative.ca\/International\/wp-json\/wp\/v2\/comments?post=105761"}],"version-history":[{"count":0,"href":"https:\/\/linitiative.ca\/International\/wp-json\/wp\/v2\/posts\/105761\/revisions"}],"wp:attachment":[{"href":"https:\/\/linitiative.ca\/International\/wp-json\/wp\/v2\/media?parent=105761"}],"wp:term":[{"taxonomy":"category","embeddable":true,"href":"https:\/\/linitiative.ca\/International\/wp-json\/wp\/v2\/categories?post=105761"},{"taxonomy":"post_tag","embeddable":true,"href":"https:\/\/linitiative.ca\/International\/wp-json\/wp\/v2\/tags?post=105761"}],"curies":[{"name":"wp","href":"https:\/\/api.w.org\/{rel}","templated":true}]}}