{"id":105762,"date":"2020-11-25T05:00:00","date_gmt":"2020-11-25T10:00:00","guid":{"rendered":"https:\/\/linitiative.ca\/International\/vous-parlez-au-nom-de-qui\/"},"modified":"2020-11-25T05:00:00","modified_gmt":"2020-11-25T10:00:00","slug":"vous-parlez-au-nom-de-qui","status":"publish","type":"post","link":"https:\/\/linitiative.ca\/International\/vous-parlez-au-nom-de-qui\/","title":{"rendered":"Vous parlez au nom de qui ?"},"content":{"rendered":"<p>Invit\u00e9 l\u2019autre jour dans une \u00e9mission de d\u00e9bat rugissante de CNEWS, la t\u00e9l\u00e9 boycott\u00e9e par des annonceurs pour son penchant raciste, Ghaleb Bencheikh, l\u2019islamologue brillant et pugnace, s\u2019entend poser par l\u2019animateur, qui n\u2019en voit pas l\u2019absurdit\u00e9, une question qui laisse pantois : \u00ab Vous parlez au nom de qui ou vous vous repr\u00e9sentez vous-m\u00eame ?\u00bb On le voit mal poser la m\u00eame question \u00e0 Michel Onfray, Eric Zemmour ou \u00e0 Finkielkraut ! Chez moi, pour rester poli, on appelle \u00e7a du tmeskhir !<br \/>A.\u2008T.<\/p>\n<p>Auteur:<br \/>\n<a href=\"https:\/\/www.lesoirdalgerie.com\/digoutage\/vous-parlez-au-nom-de-qui-51976\">Cliquez ici pour lire l&rsquo;article depuis sa source.<\/a><\/p>\n","protected":false},"excerpt":{"rendered":"<p>Invit\u00e9 l\u2019autre jour dans une \u00e9mission de d\u00e9bat rugissante de CNEWS, la t\u00e9l\u00e9 boycott\u00e9e par des annonceurs pour son penchant raciste, Ghaleb Bencheikh, l\u2019islamologue brillant et pugnace, s\u2019entend poser par l\u2019animateur, qui n\u2019en voit pas l\u2019absurdit\u00e9, une question qui laisse pantois : \u00ab Vous parlez au nom de qui ou vous vous repr\u00e9sentez vous-m\u00eame ?\u00bb [&hellip;]<\/p>\n","protected":false},"author":1741,"featured_media":0,"comment_status":"closed","ping_status":"closed","sticky":false,"template":"","format":"standard","meta":{"fifu_image_url":"","fifu_image_alt":"","footnotes":""},"categories":[73,53],"tags":[],"class_list":["post-105762","post","type-post","status-publish","format-standard","hentry","category-actualite","category-algerie"],"_links":{"self":[{"href":"https:\/\/linitiative.ca\/International\/wp-json\/wp\/v2\/posts\/105762","targetHints":{"allow":["GET"]}}],"collection":[{"href":"https:\/\/linitiative.ca\/International\/wp-json\/wp\/v2\/posts"}],"about":[{"href":"https:\/\/linitiative.ca\/International\/wp-json\/wp\/v2\/types\/post"}],"author":[{"embeddable":true,"href":"https:\/\/linitiative.ca\/International\/wp-json\/wp\/v2\/users\/1741"}],"replies":[{"embeddable":true,"href":"https:\/\/linitiative.ca\/International\/wp-json\/wp\/v2\/comments?post=105762"}],"version-history":[{"count":0,"href":"https:\/\/linitiative.ca\/International\/wp-json\/wp\/v2\/posts\/105762\/revisions"}],"wp:attachment":[{"href":"https:\/\/linitiative.ca\/International\/wp-json\/wp\/v2\/media?parent=105762"}],"wp:term":[{"taxonomy":"category","embeddable":true,"href":"https:\/\/linitiative.ca\/International\/wp-json\/wp\/v2\/categories?post=105762"},{"taxonomy":"post_tag","embeddable":true,"href":"https:\/\/linitiative.ca\/International\/wp-json\/wp\/v2\/tags?post=105762"}],"curies":[{"name":"wp","href":"https:\/\/api.w.org\/{rel}","templated":true}]}}