{"id":105764,"date":"2020-11-25T05:00:00","date_gmt":"2020-11-25T10:00:00","guid":{"rendered":"https:\/\/linitiative.ca\/International\/la-faf-soutiendra-le-candidat-sud-africain\/"},"modified":"2020-11-25T05:00:00","modified_gmt":"2020-11-25T10:00:00","slug":"la-faf-soutiendra-le-candidat-sud-africain","status":"publish","type":"post","link":"https:\/\/linitiative.ca\/International\/la-faf-soutiendra-le-candidat-sud-africain\/","title":{"rendered":"La FAF soutiendra le candidat sud-africain"},"content":{"rendered":"<div class=\"picture\"><img class=\"lazy\" data-original=\"\/data\/images\/article\/thumbs\/d-la-faf-soutiendra-le-candidat-sud-africain-23971.jpg\"\/>\n<\/div>\n<p>Le successeur de Ahmad Ahmad \u00e0 la t\u00eate de la CAF sera connu le 12 mars 2021 lors du congr\u00e8s \u00e9lectif de la Conf\u00e9d\u00e9ration. Apr\u00e8s la suspension du Malgache par le comit\u00e9 d\u2019\u00e9thique de la Fifa, quatre candidatures sont \u00e0 valider le 12 janvier par la commission \u00e9lectorale de la CAF. Il s\u2019agit de l\u2019Ivoirien Jacques Anouma, du S\u00e9n\u00e9galais Augustin Senghor, du Mauritanien Ahmed Yahya et du Sud-Africain Patrice Motsepe. Et il semble bien que le pr\u00e9sident milliardaire des Mamelodi Sundowns de Pretoria soit le candidat pr\u00e9f\u00e9r\u00e9 de la FAF. Celle-ci fera campagne pour \u00abun candidat propre\u00bb, apprend-on de bonne source.<\/p>\n<p>Auteur:<br \/>\n<a href=\"https:\/\/www.lesoirdalgerie.com\/periscoop\/la-faf-soutiendra-le-candidat-sud-africain-51975\">Cliquez ici pour lire l&rsquo;article depuis sa source.<\/a><\/p>\n","protected":false},"excerpt":{"rendered":"<p>Le successeur de Ahmad Ahmad \u00e0 la t\u00eate de la CAF sera connu le 12 mars 2021 lors du congr\u00e8s \u00e9lectif de la Conf\u00e9d\u00e9ration. Apr\u00e8s la suspension du Malgache par le comit\u00e9 d\u2019\u00e9thique de la Fifa, quatre candidatures sont \u00e0 valider le 12 janvier par la commission \u00e9lectorale de la CAF. Il s\u2019agit de l\u2019Ivoirien [&hellip;]<\/p>\n","protected":false},"author":1741,"featured_media":0,"comment_status":"closed","ping_status":"closed","sticky":false,"template":"","format":"standard","meta":{"fifu_image_url":"","fifu_image_alt":"","footnotes":""},"categories":[73,53],"tags":[],"class_list":["post-105764","post","type-post","status-publish","format-standard","hentry","category-actualite","category-algerie"],"_links":{"self":[{"href":"https:\/\/linitiative.ca\/International\/wp-json\/wp\/v2\/posts\/105764","targetHints":{"allow":["GET"]}}],"collection":[{"href":"https:\/\/linitiative.ca\/International\/wp-json\/wp\/v2\/posts"}],"about":[{"href":"https:\/\/linitiative.ca\/International\/wp-json\/wp\/v2\/types\/post"}],"author":[{"embeddable":true,"href":"https:\/\/linitiative.ca\/International\/wp-json\/wp\/v2\/users\/1741"}],"replies":[{"embeddable":true,"href":"https:\/\/linitiative.ca\/International\/wp-json\/wp\/v2\/comments?post=105764"}],"version-history":[{"count":0,"href":"https:\/\/linitiative.ca\/International\/wp-json\/wp\/v2\/posts\/105764\/revisions"}],"wp:attachment":[{"href":"https:\/\/linitiative.ca\/International\/wp-json\/wp\/v2\/media?parent=105764"}],"wp:term":[{"taxonomy":"category","embeddable":true,"href":"https:\/\/linitiative.ca\/International\/wp-json\/wp\/v2\/categories?post=105764"},{"taxonomy":"post_tag","embeddable":true,"href":"https:\/\/linitiative.ca\/International\/wp-json\/wp\/v2\/tags?post=105764"}],"curies":[{"name":"wp","href":"https:\/\/api.w.org\/{rel}","templated":true}]}}