{"id":105788,"date":"2020-11-25T17:13:18","date_gmt":"2020-11-25T22:13:18","guid":{"rendered":"https:\/\/linitiative.ca\/International\/tunisie-le-syndicat-des-journalistes-tunisiens-annonce-une-greve\/"},"modified":"2020-11-25T17:13:18","modified_gmt":"2020-11-25T22:13:18","slug":"tunisie-le-syndicat-des-journalistes-tunisiens-annonce-une-greve","status":"publish","type":"post","link":"https:\/\/linitiative.ca\/International\/tunisie-le-syndicat-des-journalistes-tunisiens-annonce-une-greve\/","title":{"rendered":"Tunisie: Le Syndicat des Journalistes Tunisiens annonce une gr\u00e8ve"},"content":{"rendered":"<div class=\"post-cont-in left relative\">\n<div id=\"post-info-wrap\" class=\"left relative post-info-out\">\n<div class=\"post-info-img left relative\"><img loading=\"lazy\" decoding=\"async\" alt=\"\" src=\"https:\/\/secure.gravatar.com\/avatar\/ea481d7287ad38ca1787f44b5bb1b70e?s=50&amp;d=mm&amp;r=g\" srcset=\"https:\/\/secure.gravatar.com\/avatar\/ea481d7287ad38ca1787f44b5bb1b70e?s=100&amp;d=mm&amp;r=g 2x\" class=\"avatar avatar-50 photo\" height=\"50\" width=\"50\"\/><\/div>\n<div class=\"post-info-in\">\n<div class=\"post-info-right left relative post-info-name left relative\"><span itemprop=\"author\" itemscope=\"\" itemtype=\"https:\/\/schema.org\/Person\"><span class=\"post-info-text\">Par<\/span> <span class=\"author-name vcard fn author\" itemprop=\"name\"><a href=\"https:\/\/www.tunisienumerique.com\/author\/rania-ben-slimane\/\" title=\"Articles par rania ben slimane\" rel=\"author\">rania ben slimane<\/a><\/span><\/span> <span class=\"post-date updated\"><time class=\"post-date updated\" itemprop=\"datePublished\" datetime=\"2020-11-25\">\u00a0| Il y a 23 secondes<\/time><\/span><\/div>\n<div class=\"left relative\"><button id=\"listenButton1\" class=\"responsivevoice-button\" type=\"button\" value=\"Play\" title=\"&#xC9;coutez l'article\"><span>\ud83d\udd0a \u00c9coutez l&rsquo;article<\/span><\/button> <\/div>\n<\/div>\n<\/div>\n<p>Le Syndicat National des Journalistes Tunisiens a publi\u00e9 un t\u00e9l\u00e9gramme, le 25 novembre 2020, annon\u00e7ant une gr\u00e8ve pr\u00e9sentielle, qui devrait se d\u00e9rouler le 10 d\u00e9cembre 2020.<\/p>\n<div class=\"code-block code-block-1 c4\"><ins class=\"adsbygoogle c3\" data-ad-layout=\"in-article\" data-ad-format=\"fluid\" data-ad-client=\"ca-pub-2102118777505746\" data-ad-slot=\"7301775417\"\/> <\/div>\n<p>Le bureau ex\u00e9cutif du syndicat exige la publication imm\u00e9diate de la convention-cadre des professionnels du m\u00e9tier dans le Journal Officiel de la R\u00e9publique Tunisienne, en application de la d\u00e9cision du tribunal administratif du 09 novembre 2020.<\/p>\n<p>Il a appel\u00e9 \u00e9galement \u00e0 la r\u00e9gularisation des situations pr\u00e9caires dans les \u00e9tablissements de la radio et de la t\u00e9l\u00e9vision tunisiennes ainsi que l\u2019agence de presse Tunis Afrique. Exigeant le recrutement des dipl\u00f4m\u00e9s de longue date de l\u2019Institut du journalisme et des sciences de l\u2019information.<\/p>\n<p>Le Syndicat des Journalistes a \u00e9galement incit\u00e9 \u00e0 la prise de mesures pour soutenir les journalistes touch\u00e9s par la pand\u00e9mie du Coronavirus, \u00e0 la cr\u00e9ation de l\u2019Agence Nationale g\u00e9rer la publicit\u00e9 publique. Exhortant le gouvernement \u00e0 l\u2019application de la d\u00e9cision d\u2019\u00e9tatisation de la radio Zitouna FM.<\/p>\n<p>Il a, en outre, soulign\u00e9 l\u2019importance de la mise en place d\u2019une strat\u00e9gie claire au profit des institutions m\u00e9diatiques confisqu\u00e9es qui souffrent de d\u00e9t\u00e9rioration et d\u2019endettement, le lancement d\u2019une r\u00e9forme globale et profonde des institutions m\u00e9diatiques publiques ainsi que la nomination d\u2019un Directeur G\u00e9n\u00e9ral de la Radio Tunisienne selon le m\u00e9canisme du consensus.<\/p>\n<div class=\"swp_social_panel swp_horizontal_panel swp_flat_fresh swp_default_full_color swp_individual_full_color swp_other_full_color scale-100 scale-\" data-min-width=\"1100\" data-float-color=\"#ffffff\" data-float=\"bottom\" data-float-mobile=\"bottom\" data-transition=\"slide\">\n<div class=\"nc_tweetContainer swp_share_button total_shares total_sharesalt\"><span class=\"swp_count\">1 <span class=\"swp_label\">Partages<\/span><\/span><\/div>\n<\/div>\n<p><strong>Que se passe-t-il en Tunisie?<\/strong><br \/>Nous expliquons sur notre <a href=\"https:\/\/www.youtube.com\/channel\/UCRzypVq0B_yBad5eGrwBx0Q?sub_confirmation=1\" target=\"_blank\" rel=\"noopener noreferrer\">cha\u00eene YouTube<\/a> . <a href=\"https:\/\/www.youtube.com\/channel\/UCRzypVq0B_yBad5eGrwBx0Q?sub_confirmation=1\" target=\"_blank\" rel=\"noopener noreferrer\">Abonnez-vous!<\/a><\/p>\n<div class=\"mvp-org-wrap mvp-org-logo\" itemprop=\"publisher\" itemscope=\"\" itemtype=\"https:\/\/schema.org\/Organization\"><img decoding=\"async\" src=\"https:\/\/www.tunisienumerique.com\/wp-content\/uploads\/2017\/02\/logo_tunisie_numerique.png\"\/><\/div>\n<div class=\"mvp-related-posts left relative\">\n<h4 class=\"post-header\"><span class=\"post-header\">Lire aussi<\/span><\/h4>\n<\/div>\n<div id=\"article-ad\"><ins class=\"adsbygoogle c5\" data-ad-client=\"ca-pub-2102118777505746\" data-ad-slot=\"6513972734\" data-ad-format=\"auto\" data-full-width-responsive=\"true\"\/> <\/div>\n<\/div>\n<div id=\"post-sidebar-wrap\"><ins class=\"adsbygoogle c5\" data-ad-client=\"ca-pub-2102118777505746\" data-ad-slot=\"6168283410\" data-ad-format=\"auto\" data-full-width-responsive=\"true\"\/> <\/div>\n<p>Auteur: rania ben slimane<br \/>\n<a href=\"https:\/\/www.tunisienumerique.com\/tunisie-le-syndicat-des-journalistes-tunisiens-annonce-une-greve\/\">Cliquez ici pour lire l&rsquo;article depuis sa source.<\/a><\/p>\n","protected":false},"excerpt":{"rendered":"<p>Par rania ben slimane \u00a0| Il y a 23 secondes \ud83d\udd0a \u00c9coutez l&rsquo;article Le Syndicat National des Journalistes Tunisiens a publi\u00e9 un t\u00e9l\u00e9gramme, le 25 novembre 2020, annon\u00e7ant une gr\u00e8ve pr\u00e9sentielle, qui devrait se d\u00e9rouler le 10 d\u00e9cembre 2020. Le bureau ex\u00e9cutif du syndicat exige la publication imm\u00e9diate de la convention-cadre des professionnels du m\u00e9tier [&hellip;]<\/p>\n","protected":false},"author":1789,"featured_media":0,"comment_status":"closed","ping_status":"closed","sticky":false,"template":"","format":"standard","meta":{"fifu_image_url":"","fifu_image_alt":"","footnotes":""},"categories":[73,55],"tags":[],"class_list":["post-105788","post","type-post","status-publish","format-standard","hentry","category-actualite","category-tunisie"],"_links":{"self":[{"href":"https:\/\/linitiative.ca\/International\/wp-json\/wp\/v2\/posts\/105788","targetHints":{"allow":["GET"]}}],"collection":[{"href":"https:\/\/linitiative.ca\/International\/wp-json\/wp\/v2\/posts"}],"about":[{"href":"https:\/\/linitiative.ca\/International\/wp-json\/wp\/v2\/types\/post"}],"author":[{"embeddable":true,"href":"https:\/\/linitiative.ca\/International\/wp-json\/wp\/v2\/users\/1789"}],"replies":[{"embeddable":true,"href":"https:\/\/linitiative.ca\/International\/wp-json\/wp\/v2\/comments?post=105788"}],"version-history":[{"count":0,"href":"https:\/\/linitiative.ca\/International\/wp-json\/wp\/v2\/posts\/105788\/revisions"}],"wp:attachment":[{"href":"https:\/\/linitiative.ca\/International\/wp-json\/wp\/v2\/media?parent=105788"}],"wp:term":[{"taxonomy":"category","embeddable":true,"href":"https:\/\/linitiative.ca\/International\/wp-json\/wp\/v2\/categories?post=105788"},{"taxonomy":"post_tag","embeddable":true,"href":"https:\/\/linitiative.ca\/International\/wp-json\/wp\/v2\/tags?post=105788"}],"curies":[{"name":"wp","href":"https:\/\/api.w.org\/{rel}","templated":true}]}}