{"id":105808,"date":"2020-11-26T11:05:21","date_gmt":"2020-11-26T16:05:21","guid":{"rendered":"https:\/\/linitiative.ca\/International\/fonds-mohammed-vi-pour-linvestissement-le-conseil-de-gouvernement-adopte-le-projet-de-loi\/"},"modified":"2020-11-26T11:05:21","modified_gmt":"2020-11-26T16:05:21","slug":"fonds-mohammed-vi-pour-linvestissement-le-conseil-de-gouvernement-adopte-le-projet-de-loi","status":"publish","type":"post","link":"https:\/\/linitiative.ca\/International\/fonds-mohammed-vi-pour-linvestissement-le-conseil-de-gouvernement-adopte-le-projet-de-loi\/","title":{"rendered":"\u00ab\u00a0Fonds Mohammed VI pour l\u2019Investissement \u00bb: Le Conseil de gouvernement adopte le projet de loi"},"content":{"rendered":"<p><img decoding=\"async\" class=\"post_layout_5_img\" src=\"http:\/\/aujourdhui.ma\/wp-content\/uploads\/2020\/10\/conseil-de-gouvernement.jpg\" alt=\"&#xAB;&#xA0;Fonds Mohammed VI pour l&#x2019;Investissement &#xBB;: Le Conseil de gouvernement adopte le projet de loi\"\/><\/p>\n<p><span class=\"c5\"><strong>Le Conseil de gouvernement, r\u00e9uni jeudi par visioconf\u00e9rence sous la pr\u00e9sidence du Chef de gouvernement Saad Dine El Otmani, a adopt\u00e9 le projet de loi n 76.20 portant cr\u00e9ation du \u00ab\u00a0Fonds Mohammed VI pour l\u2019Investissement\u00a0\u00bb.<\/strong><\/span><br \/><span id=\"more-361498\"\/><\/p>\n<p>Ce projet de loi, pr\u00e9sent\u00e9 par le ministre de l\u2019Economie, des Finances et de la r\u00e9forme administrative, intervient en application des Hautes Instructions de Sa Majest\u00e9 le Roi Mohammed VI, que Dieu L\u2019assiste, contenues dans le discours du Tr\u00f4ne du 29 juillet 2020, qui a d\u00e9fini les grandes orientations strat\u00e9giques \u00e0 \u00e9laborer pour g\u00e9rer la crise que conna\u00eet le Maroc en raison de la pand\u00e9mie de Covid-19, a indiqu\u00e9 le ministre de l\u2019\u00c9ducation nationale, de la Formation professionnelle, de l\u2019Enseignement sup\u00e9rieur et de la Recherche scientifique, Porte-parole du gouvernement, M. Saaid Amzazi, dans un communiqu\u00e9 lu lors d\u2019un point de presse tenu \u00e0 l\u2019issue du Conseil de gouvernement.<\/p>\n<p>Le Porte-parole a soulign\u00e9 que dans le but de lancer le plan de relance \u00e9conomique, il a \u00e9t\u00e9 d\u00e9cid\u00e9 de cr\u00e9er une soci\u00e9t\u00e9 par actions d\u00e9nomm\u00e9e \u00ab\u00a0Fonds Mohammed VI pour l\u2019Investissement\u00a0\u00bb, pour laquelle une enveloppe de 15 milliards de dirhams a \u00e9t\u00e9 allou\u00e9e sur le budget g\u00e9n\u00e9ral de l\u2019Etat, faisant savoir que son conseil d\u2019administration sera pr\u00e9sid\u00e9 par le ministre en charge des Finances.<br \/>Le nouveau fonds s\u2019assigne pour objectif de contribuer au financement des grands projets d\u2019investissement et les accompagner, aux niveaux national et territorial, dans le cadre de partenariats avec le secteur priv\u00e9, et de contribuer par le biais de fonds sectoriels ou th\u00e9matiques, au capital de petites ou moyennes entreprises.<br \/>Il contribuera directement au capital des grandes entreprises, publiques et priv\u00e9es, actives dans les domaines que le Fonds consid\u00e8re comme prioritaires, en mettant en place des instruments financiers appropri\u00e9s tels les avances, les pr\u00eats remboursables ainsi que des fonds semi-autonomes. Le fonds aura aussi pour mission de pr\u00e9parer et mettre en place des m\u00e9canismes de financement structur\u00e9s pour trouver des solutions de financement pour les entreprises op\u00e9rant dans des domaines que le Fonds juge prioritaires.<br \/>Par ailleurs, le fonds contribuera aussi \u00e0 la pr\u00e9paration des projets d\u2019investissement et \u00e0 la r\u00e9alisation de leur restructuration financi\u00e8re, aux niveaux national et territorial, afin de faciliter et d\u2019am\u00e9liorer les conditions de leur financement et de leur mise en \u0153uvre.<br \/>Le Fonds Mohammed VI pour l\u2019Investissement s\u2019appuie dans ses interventions sur des fonds sectoriels ou th\u00e9matiques, en fonction des domaines prioritaires et des besoins de chaque secteur, notamment dans les domaines de la restructuration industrielle, de l\u2019innovation et des activit\u00e9s de croissance prometteuses, de la promotion des petites et moyennes entreprises, des infrastructures, de l\u2019agriculture et du tourisme.<\/p>\n<p>Auteur: ALM<br \/>\n<a href=\"https:\/\/aujourdhui.ma\/actualite\/fonds-mohammed-vi-pour-linvestissement-le-conseil-de-gouvernement-adopte-le-projet-de-loi\">Cliquez ici pour lire l&rsquo;article depuis sa source.<\/a><\/p>\n","protected":false},"excerpt":{"rendered":"<p>Le Conseil de gouvernement, r\u00e9uni jeudi par visioconf\u00e9rence sous la pr\u00e9sidence du Chef de gouvernement Saad Dine El Otmani, a adopt\u00e9 le projet de loi n 76.20 portant cr\u00e9ation du \u00ab\u00a0Fonds Mohammed VI pour l\u2019Investissement\u00a0\u00bb. Ce projet de loi, pr\u00e9sent\u00e9 par le ministre de l\u2019Economie, des Finances et de la r\u00e9forme administrative, intervient en application [&hellip;]<\/p>\n","protected":false},"author":1759,"featured_media":0,"comment_status":"closed","ping_status":"closed","sticky":false,"template":"","format":"standard","meta":{"fifu_image_url":"http:\/\/aujourdhui.ma\/wp-content\/uploads\/2020\/10\/conseil-de-gouvernement.jpg","fifu_image_alt":"\u00ab\u00a0Fonds Mohammed VI pour l\u2019Investissement \u00bb: Le Conseil de gouvernement adopte le projet de loi","footnotes":""},"categories":[73,54],"tags":[],"class_list":["post-105808","post","type-post","status-publish","format-standard","hentry","category-actualite","category-maroc"],"_links":{"self":[{"href":"https:\/\/linitiative.ca\/International\/wp-json\/wp\/v2\/posts\/105808","targetHints":{"allow":["GET"]}}],"collection":[{"href":"https:\/\/linitiative.ca\/International\/wp-json\/wp\/v2\/posts"}],"about":[{"href":"https:\/\/linitiative.ca\/International\/wp-json\/wp\/v2\/types\/post"}],"author":[{"embeddable":true,"href":"https:\/\/linitiative.ca\/International\/wp-json\/wp\/v2\/users\/1759"}],"replies":[{"embeddable":true,"href":"https:\/\/linitiative.ca\/International\/wp-json\/wp\/v2\/comments?post=105808"}],"version-history":[{"count":0,"href":"https:\/\/linitiative.ca\/International\/wp-json\/wp\/v2\/posts\/105808\/revisions"}],"wp:attachment":[{"href":"https:\/\/linitiative.ca\/International\/wp-json\/wp\/v2\/media?parent=105808"}],"wp:term":[{"taxonomy":"category","embeddable":true,"href":"https:\/\/linitiative.ca\/International\/wp-json\/wp\/v2\/categories?post=105808"},{"taxonomy":"post_tag","embeddable":true,"href":"https:\/\/linitiative.ca\/International\/wp-json\/wp\/v2\/tags?post=105808"}],"curies":[{"name":"wp","href":"https:\/\/api.w.org\/{rel}","templated":true}]}}