{"id":105809,"date":"2020-11-26T11:19:14","date_gmt":"2020-11-26T16:19:14","guid":{"rendered":"https:\/\/linitiative.ca\/International\/royal-air-maroc-renforce-son-programme-de-vols-internationaux-sur-tanger\/"},"modified":"2020-11-26T11:19:14","modified_gmt":"2020-11-26T16:19:14","slug":"royal-air-maroc-renforce-son-programme-de-vols-internationaux-sur-tanger","status":"publish","type":"post","link":"https:\/\/linitiative.ca\/International\/royal-air-maroc-renforce-son-programme-de-vols-internationaux-sur-tanger\/","title":{"rendered":"Royal Air Maroc renforce son programme de vols internationaux sur Tanger"},"content":{"rendered":"<header>\n<\/header>\n<div class=\"entry-content clearfix\" readability=\"53\"><img decoding=\"async\" class=\"post_layout_5_img\" src=\"http:\/\/aujourdhui.ma\/wp-content\/uploads\/2020\/11\/RAM.jpg\" alt=\"Royal Air Maroc renforce son programme de vols internationaux sur Tanger\"\/><\/p>\n<p>Fid\u00e8le \u00e0 ses engagements de premier transporteur a\u00e9rien national et consciente de sa mission en tant qu\u2019acteur majeur dans la promotion du tourisme marocain et dans le renforcement des liens des Marocains r\u00e9sidant \u00e0 l\u2019\u00e9tranger avec leur m\u00e8re patrie, Royal Air Maroc renforce son programme de vols internationaux au d\u00e9part et vers Tanger, indique un communiqu\u00e9 de la compagnie nationale. A partir du 11 d\u00e9cembre prochain, la RAM lancera quatre nouvelles routes a\u00e9riennes reliant la ville \u00e0 quatre m\u00e9tropoles europ\u00e9ennes \u00e0 savoir Madrid, Bruxelles, Barcelone et Malaga, ajoute la m\u00eame source.\u00a0 D\u00e9taill\u00e9 ci-dessous, ce programme est appel\u00e9 \u00e0 \u00eatre r\u00e9ajust\u00e9 en fonction de la demande. Les vols sont disponibles \u00e0 la vente sur le site Internet de la Compagnie Nationale www.royalairmaroc.com, via ses centres d\u2019appel ainsi qu\u2019\u00e0 travers ses agences commerciales et sur le r\u00e9seau des agences de voyages.\u00a0 Les quatre nouvelles lignes : . Tanger- Malaga : cinq fr\u00e9quences par semaine (lundi, jeudi, vendredi, samedi et dimanche) ; . Tanger-Madrid : quatre fr\u00e9quences par semaine (lundi, mardi, samedi et dimanche) ; . Tanger-Barcelone : quatre fr\u00e9quences par semaine (mardi, mercredi, jeudi, et samedi) ; . Tanger-Bruxelles : quatre fr\u00e9quences par semaine (mardi, jeudi, vendredi et dimanche).<\/p>\n<\/div>\n<p>Auteur: ALM<br \/>\n<a href=\"https:\/\/aujourdhui.ma\/actualite\/royal-air-maroc-renforce-son-programme-de-vols-internationaux-sur-tanger\">Cliquez ici pour lire l&rsquo;article depuis sa source.<\/a><\/p>\n","protected":false},"excerpt":{"rendered":"<p>Fid\u00e8le \u00e0 ses engagements de premier transporteur a\u00e9rien national et consciente de sa mission en tant qu\u2019acteur majeur dans la promotion du tourisme marocain et dans le renforcement des liens des Marocains r\u00e9sidant \u00e0 l\u2019\u00e9tranger avec leur m\u00e8re patrie, Royal Air Maroc renforce son programme de vols internationaux au d\u00e9part et vers Tanger, indique un [&hellip;]<\/p>\n","protected":false},"author":1759,"featured_media":0,"comment_status":"closed","ping_status":"closed","sticky":false,"template":"","format":"standard","meta":{"fifu_image_url":"http:\/\/aujourdhui.ma\/wp-content\/uploads\/2020\/11\/RAM.jpg","fifu_image_alt":"Royal Air Maroc renforce son programme de vols internationaux sur Tanger","footnotes":""},"categories":[73,54],"tags":[],"class_list":["post-105809","post","type-post","status-publish","format-standard","hentry","category-actualite","category-maroc"],"_links":{"self":[{"href":"https:\/\/linitiative.ca\/International\/wp-json\/wp\/v2\/posts\/105809","targetHints":{"allow":["GET"]}}],"collection":[{"href":"https:\/\/linitiative.ca\/International\/wp-json\/wp\/v2\/posts"}],"about":[{"href":"https:\/\/linitiative.ca\/International\/wp-json\/wp\/v2\/types\/post"}],"author":[{"embeddable":true,"href":"https:\/\/linitiative.ca\/International\/wp-json\/wp\/v2\/users\/1759"}],"replies":[{"embeddable":true,"href":"https:\/\/linitiative.ca\/International\/wp-json\/wp\/v2\/comments?post=105809"}],"version-history":[{"count":0,"href":"https:\/\/linitiative.ca\/International\/wp-json\/wp\/v2\/posts\/105809\/revisions"}],"wp:attachment":[{"href":"https:\/\/linitiative.ca\/International\/wp-json\/wp\/v2\/media?parent=105809"}],"wp:term":[{"taxonomy":"category","embeddable":true,"href":"https:\/\/linitiative.ca\/International\/wp-json\/wp\/v2\/categories?post=105809"},{"taxonomy":"post_tag","embeddable":true,"href":"https:\/\/linitiative.ca\/International\/wp-json\/wp\/v2\/tags?post=105809"}],"curies":[{"name":"wp","href":"https:\/\/api.w.org\/{rel}","templated":true}]}}