{"id":105813,"date":"2020-11-26T09:25:05","date_gmt":"2020-11-26T14:25:05","guid":{"rendered":"https:\/\/linitiative.ca\/International\/soutien-constant-et-fort-a-la-cause-marocaine\/"},"modified":"2020-11-26T09:25:05","modified_gmt":"2020-11-26T14:25:05","slug":"soutien-constant-et-fort-a-la-cause-marocaine","status":"publish","type":"post","link":"https:\/\/linitiative.ca\/International\/soutien-constant-et-fort-a-la-cause-marocaine\/","title":{"rendered":"Soutien constant et fort \u00e0 la cause marocaine"},"content":{"rendered":"<p class=\"has-text-color has-vivid-red-color c2\"><strong>La FMEJ se r\u00e9unit \u00e0 La\u00e2youne<\/strong><\/p>\n<p class=\"has-text-color has-background has-vivid-red-color has-pale-cyan-blue-background-color\"><strong>La F\u00e9d\u00e9ration marocaine des \u00e9diteurs de journaux (FMEJ) a d\u00e9cid\u00e9 de \u00a0r\u00e9unir, vendredi 27 novembre 2020, sa Direction nationale dans la ville de La\u00e2youne.<\/strong><\/p>\n<p>Il s\u2019agit de la tenue du Conseil f\u00e9d\u00e9ral de la FMEJ et de l\u2019Assembl\u00e9e g\u00e9n\u00e9rale extraordinaire de la section r\u00e9gionale des provinces du sud.<\/p>\n<p>Une dizaine d\u2019\u00e9diteurs marocains et de professionnels de la presse nationale et r\u00e9gionale, \u00e9crite et \u00e9lectronique, prendront part \u00e0 ces r\u00e9unions.<\/p>\n<p>La d\u00e9cision de l\u2019instance professionnelle des patrons de la presse marocaine de tenir ces r\u00e9unions \u00e0 La\u00e2youne repr\u00e9sente une forte initiative symbolique pour marquer le soutien, fort et constant, des professionnels de la presse et des m\u00e9dias \u00e0 l\u2019int\u00e9grit\u00e9 territoriale et aux droits nationaux de notre pays, ainsi que l\u2019engagement durable des entreprises de la presse nationale dans le combat national pour la marocanit\u00e9 du Sahara et la d\u00e9fense de l\u2019unit\u00e9 et de la souverainet\u00e9 de notre pays.<\/p>\n<p>Auteur: M&rsquo;hammed rahal<br \/>\n<a href=\"http:\/\/albayane.press.ma\/soutien-constant-et-fort-a-la-cause-marocaine.html\">Cliquez ici pour lire l&rsquo;article depuis sa source.<\/a><\/p>\n","protected":false},"excerpt":{"rendered":"<p>La FMEJ se r\u00e9unit \u00e0 La\u00e2youne La F\u00e9d\u00e9ration marocaine des \u00e9diteurs de journaux (FMEJ) a d\u00e9cid\u00e9 de \u00a0r\u00e9unir, vendredi 27 novembre 2020, sa Direction nationale dans la ville de La\u00e2youne. Il s\u2019agit de la tenue du Conseil f\u00e9d\u00e9ral de la FMEJ et de l\u2019Assembl\u00e9e g\u00e9n\u00e9rale extraordinaire de la section r\u00e9gionale des provinces du sud. Une [&hellip;]<\/p>\n","protected":false},"author":1760,"featured_media":0,"comment_status":"closed","ping_status":"closed","sticky":false,"template":"","format":"standard","meta":{"fifu_image_url":"","fifu_image_alt":"","footnotes":""},"categories":[73,54],"tags":[],"class_list":["post-105813","post","type-post","status-publish","format-standard","hentry","category-actualite","category-maroc"],"_links":{"self":[{"href":"https:\/\/linitiative.ca\/International\/wp-json\/wp\/v2\/posts\/105813","targetHints":{"allow":["GET"]}}],"collection":[{"href":"https:\/\/linitiative.ca\/International\/wp-json\/wp\/v2\/posts"}],"about":[{"href":"https:\/\/linitiative.ca\/International\/wp-json\/wp\/v2\/types\/post"}],"author":[{"embeddable":true,"href":"https:\/\/linitiative.ca\/International\/wp-json\/wp\/v2\/users\/1760"}],"replies":[{"embeddable":true,"href":"https:\/\/linitiative.ca\/International\/wp-json\/wp\/v2\/comments?post=105813"}],"version-history":[{"count":0,"href":"https:\/\/linitiative.ca\/International\/wp-json\/wp\/v2\/posts\/105813\/revisions"}],"wp:attachment":[{"href":"https:\/\/linitiative.ca\/International\/wp-json\/wp\/v2\/media?parent=105813"}],"wp:term":[{"taxonomy":"category","embeddable":true,"href":"https:\/\/linitiative.ca\/International\/wp-json\/wp\/v2\/categories?post=105813"},{"taxonomy":"post_tag","embeddable":true,"href":"https:\/\/linitiative.ca\/International\/wp-json\/wp\/v2\/tags?post=105813"}],"curies":[{"name":"wp","href":"https:\/\/api.w.org\/{rel}","templated":true}]}}