{"id":105814,"date":"2020-11-26T09:31:56","date_gmt":"2020-11-26T14:31:56","guid":{"rendered":"https:\/\/linitiative.ca\/International\/%ef%bb%bftant-que-lalgerie-naura-pas-reconnu-son-role-de-partie-au-conflit-aucun-reglement-definitif-ne-sera-envisageable\/"},"modified":"2020-11-26T09:31:56","modified_gmt":"2020-11-26T14:31:56","slug":"%ef%bb%bftant-que-lalgerie-naura-pas-reconnu-son-role-de-partie-au-conflit-aucun-reglement-definitif-ne-sera-envisageable","status":"publish","type":"post","link":"https:\/\/linitiative.ca\/International\/%ef%bb%bftant-que-lalgerie-naura-pas-reconnu-son-role-de-partie-au-conflit-aucun-reglement-definitif-ne-sera-envisageable\/","title":{"rendered":"\ufeff\u00abTant que l\u2019Alg\u00e9rie n\u2019aura pas reconnu son r\u00f4le de partie au conflit, aucun r\u00e8glement d\u00e9finitif ne sera envisageable\u00bb"},"content":{"rendered":"<p class=\"has-text-color has-vivid-red-color c2\"><strong>Sahara marocain<\/strong><\/p>\n<p class=\"c3\"><strong>Par Fran\u00e7ois Soudan (Jeune Afrique)<\/strong><\/p>\n<p class=\"has-text-color c4\"><strong>\u00abTant que la fiction d\u2019un Polisario autonome n\u2019aura pas \u00e9t\u00e9 lev\u00e9e et que l\u2019Alg\u00e9rie n\u2019aura pas reconnu son r\u00f4le de partie au conflit, aucun r\u00e8glement d\u00e9finitif ne sera envisageable\u00bb, \u00e9crit mercredi le magazine Jeune Afrique.<\/strong><\/p>\n<p>Dans un \u00e9ditorial sign\u00e9 par son directeur de la r\u00e9daction, Fran\u00e7ois Soudan, sous le titre \u00abSahara : l\u2019Alg\u00e9rie doit sortir du d\u00e9ni\u00bb, Jeune Afrique revient sur les derniers \u00e9v\u00e9nements \u00e0 El Guerguarat suite \u00e0 l\u2019initiative du Royaume visant \u00e0 r\u00e9tablir la libre circulation des biens et des personnes dans cette zone-tampon.<\/p>\n<p>Selon lui, \u00abil suffit de regarder une carte pour comprendre que la r\u00e9ouverture \u00e0 la libre circulation de la zone tampon d\u2019El Guerguarat \u00e9tait vitale pour le royaume\u00bb, ajoutant que \u00abpr\u00e8s de deux cents camions \u00e9taient bloqu\u00e9s au barrage que le Polisario y avait \u00e9tabli, mena\u00e7ant de thrombose une art\u00e8re commerciale essentielle pour les exportations et les \u00e9changes entre le Maroc, la Mauritanie et l\u2019Afrique subsaharienne\u00bb.<\/p>\n<p>Mis en place \u00e0 la mi-octobre, cet \u00ababc\u00e8s de fixation \u00e9tait en passe de devenir un camp permanent de trafics en tout genre\u00bb o\u00f9 les s\u00e9paratistes \u00abavaient commenc\u00e9 \u00e0 installer des familles sahraouies, rendant \u00e0 terme son \u00e9vacuation aussi complexe et l\u00e9tale que celle de Gdeim Izik, non loin de La\u00e2youne, en novembre 2010\u00bb, rappelle-t-on.<\/p>\n<p>Aux yeux de l\u2019\u00e9ditorialiste, en proc\u00e9dant de la sorte, \u00abla direction du Front Polisario ob\u00e9issait \u00e0 sa propre logique de survie\u00bb, notant que pour le clan polisarien \u00abs\u2019installer \u00e0 El Guerguarat entre les postes-fronti\u00e8res marocain et mauritanien, c\u2019\u00e9tait \u00e0 la fois g\u00e9n\u00e9rer une source de revenus et cr\u00e9er un d\u00e9rivatif \u2018patriotique\u2019 susceptible de remobiliser une population \u00e9puis\u00e9e\u00bb.<\/p>\n<p>Mais, poursuit-on, \u00abapr\u00e8s avoir fait le constat de l\u2019incapacit\u00e9 de la mission de l\u2019ONU \u00e0 g\u00e9rer ce probl\u00e8me (les incursions du Polisario dans la zone sont r\u00e9currentes depuis six ans), le Roi Mohammed VI a donc tranch\u00e9\u00bb.<\/p>\n<p>Et d\u2019ajouter que \u00abb\u00e9n\u00e9ficiant d\u2019une fen\u00eatre d\u2019opportunit\u00e9 diplomatique et soutenue par la majorit\u00e9 des pays de la Ligue arabe, l\u2019op\u00e9ration de nettoyage d\u2019El Guerguarat s\u2019est d\u00e9roul\u00e9e sans aucune perte humaine de part et d\u2019autre, et nul, en dehors de l\u2019Alg\u00e9rie, ne l\u2019a r\u00e9ellement condamn\u00e9e\u00bb.<\/p>\n<p>Pour le magazine, accuser le Maroc d\u2019avoir rompu le cessez-le-feu, alors que ce dernier \u00ab\u00e9tait d\u00e9j\u00e0 de facto viol\u00e9\u00bb par le Polisario \u00abdepuis son implantation ill\u00e9gale revient donc \u00e0 confondre le pompier avec le pyromane\u00bb.<\/p>\n<p>Rappelant que les s\u00e9paratistes ont d\u00e9clar\u00e9 le 13 novembre \u00ab l\u2019\u00e9tat de guerre \u00ab et \u00ab la reprise des hostilit\u00e9s \u00ab \u00e0 la suite \u00e0 l\u2019intervention marocaine \u00e0 El Guerguarat, le magazine rel\u00e8ve que \u00abm\u00eame s\u2019ils annoncent mobiliser \u00ab des milliers de volontaires \u00ab pour un assaut qualifi\u00e9 de \u00ab foudroyant \u00ab, chacun sait que les s\u00e9paratistes, \u00abdot\u00e9s d\u2019un armement qui n\u2019a que tr\u00e8s peu vari\u00e9 depuis les ann\u00e9es 1980 et totalement d\u00e9pendants pour son renouvellement de leur protecteur alg\u00e9rien, en sont r\u00e9duits aux tactiques minimales du hit and run\u00bb.<\/p>\n<p>Il s\u2019agit, selon l\u2019auteur, d\u2019un \u00abconflit d\u2019un autre \u00e2ge, sorti du cong\u00e9lateur de la guerre froide et issu des s\u00e9quelles de la d\u00e9colonisation\u00bb, mais, \u00abtant que la fiction d\u2019un Polisario autonome n\u2019aura pas \u00e9t\u00e9 lev\u00e9e et que l\u2019Alg\u00e9rie n\u2019aura pas reconnu son r\u00f4le de partie au conflit, aucun r\u00e8glement d\u00e9finitif ne sera envisageable.<\/p>\n<p>L\u2019Alg\u00e9rie, ou plus exactement ceux qui la dirigent, ainsi qu\u2019une partie de sa classe m\u00e9diatico-politique. La grande majorit\u00e9 des Alg\u00e9riens, eux, n\u2019ont cure de cette affaire d\u00e9sesp\u00e9r\u00e9ment obsol\u00e8te\u00bb, conclut-il.<\/p>\n<p>Auteur: M&rsquo;hammed rahal<br \/>\n<a href=\"http:\/\/albayane.press.ma\/%EF%BB%BFtant-que-lalgerie-naura-pas-reconnu-son-role-de-partie-au-conflit-aucun-reglement-definitif-ne-sera-envisageable.html\">Cliquez ici pour lire l&rsquo;article depuis sa source.<\/a><\/p>\n","protected":false},"excerpt":{"rendered":"<p>Sahara marocain Par Fran\u00e7ois Soudan (Jeune Afrique) \u00abTant que la fiction d\u2019un Polisario autonome n\u2019aura pas \u00e9t\u00e9 lev\u00e9e et que l\u2019Alg\u00e9rie n\u2019aura pas reconnu son r\u00f4le de partie au conflit, aucun r\u00e8glement d\u00e9finitif ne sera envisageable\u00bb, \u00e9crit mercredi le magazine Jeune Afrique. Dans un \u00e9ditorial sign\u00e9 par son directeur de la r\u00e9daction, Fran\u00e7ois Soudan, sous [&hellip;]<\/p>\n","protected":false},"author":1760,"featured_media":0,"comment_status":"closed","ping_status":"closed","sticky":false,"template":"","format":"standard","meta":{"fifu_image_url":"","fifu_image_alt":"","footnotes":""},"categories":[73,54],"tags":[],"class_list":["post-105814","post","type-post","status-publish","format-standard","hentry","category-actualite","category-maroc"],"_links":{"self":[{"href":"https:\/\/linitiative.ca\/International\/wp-json\/wp\/v2\/posts\/105814","targetHints":{"allow":["GET"]}}],"collection":[{"href":"https:\/\/linitiative.ca\/International\/wp-json\/wp\/v2\/posts"}],"about":[{"href":"https:\/\/linitiative.ca\/International\/wp-json\/wp\/v2\/types\/post"}],"author":[{"embeddable":true,"href":"https:\/\/linitiative.ca\/International\/wp-json\/wp\/v2\/users\/1760"}],"replies":[{"embeddable":true,"href":"https:\/\/linitiative.ca\/International\/wp-json\/wp\/v2\/comments?post=105814"}],"version-history":[{"count":0,"href":"https:\/\/linitiative.ca\/International\/wp-json\/wp\/v2\/posts\/105814\/revisions"}],"wp:attachment":[{"href":"https:\/\/linitiative.ca\/International\/wp-json\/wp\/v2\/media?parent=105814"}],"wp:term":[{"taxonomy":"category","embeddable":true,"href":"https:\/\/linitiative.ca\/International\/wp-json\/wp\/v2\/categories?post=105814"},{"taxonomy":"post_tag","embeddable":true,"href":"https:\/\/linitiative.ca\/International\/wp-json\/wp\/v2\/tags?post=105814"}],"curies":[{"name":"wp","href":"https:\/\/api.w.org\/{rel}","templated":true}]}}