{"id":105815,"date":"2020-11-26T09:35:28","date_gmt":"2020-11-26T14:35:28","guid":{"rendered":"https:\/\/linitiative.ca\/International\/%ef%bb%bflalgerie-assume-lentiere-responsabilite-dans-la-creation-et-la-perpetuation-du-differend-regional-sur-le-sahara-marocain\/"},"modified":"2020-11-26T09:35:28","modified_gmt":"2020-11-26T14:35:28","slug":"%ef%bb%bflalgerie-assume-lentiere-responsabilite-dans-la-creation-et-la-perpetuation-du-differend-regional-sur-le-sahara-marocain","status":"publish","type":"post","link":"https:\/\/linitiative.ca\/International\/%ef%bb%bflalgerie-assume-lentiere-responsabilite-dans-la-creation-et-la-perpetuation-du-differend-regional-sur-le-sahara-marocain\/","title":{"rendered":"\ufeffL\u2019Alg\u00e9rie assume l\u2019enti\u00e8re responsabilit\u00e9 dans la cr\u00e9ation et la perp\u00e9tuation du diff\u00e9rend r\u00e9gional sur le Sahara marocain"},"content":{"rendered":"<p class=\"has-text-color has-vivid-red-color c2\"><strong>Youssef Balla, ambassadeur du Maroc en Italie<\/strong><\/p>\n<p class=\"has-text-color c3\"><strong>L\u2019Alg\u00e9rie assume l\u2019enti\u00e8re responsabilit\u00e9 dans la cr\u00e9ation et la perp\u00e9tuation du diff\u00e9rend r\u00e9gional sur le Sahara marocain, a soulign\u00e9 l\u2019ambassadeur du Maroc en Italie, Youssef Balla.<\/strong><\/p>\n<p>\u00abL\u2019Alg\u00e9rie assume l\u2019enti\u00e8re responsabilit\u00e9 de la cr\u00e9ation et la perp\u00e9tuation du diff\u00e9rend r\u00e9gional sur le Sahara marocain. Les derni\u00e8res r\u00e9solutions du Conseil de s\u00e9curit\u00e9 et les deux tables ronde de Gen\u00e8ve organis\u00e9es par l\u2019ONU dans le cadre du processus politique sous les auspices du Secr\u00e9taire g\u00e9n\u00e9ral, ont confirm\u00e9 le r\u00f4le de l\u2019Alg\u00e9rie en tant que partie prenante \u00e0 ce diff\u00e9rend r\u00e9gional\u00bb, a indiqu\u00e9 que M. Balla dans un entretien accord\u00e9 \u00e0 la radio italienne Sparlamento.<\/p>\n<p>L\u2019Alg\u00e9rie a cr\u00e9\u00e9, financ\u00e9, arm\u00e9 et entretient ce groupe s\u00e9paratiste, a enchain\u00e9 M. Balla dans cet entretien qui a mis l\u2019accent sur r\u00f4le de l\u2019Alg\u00e9rie dans ce conflit artificiel et \u00e9voqu\u00e9 la situation \u00e0 El Guerguarat, ainsi que les connexions av\u00e9r\u00e9es du polisario avec les r\u00e9seaux terroristes dans la zone sah\u00e9lo-saharienne.<\/p>\n<p>L\u2019ambassadeur a indiqu\u00e9, dans ce sens, que \u00abl\u2019Alg\u00e9rie assume devant la communaut\u00e9 internationale, la responsabilit\u00e9 absolue de la situation dramatique des populations des camps de Tindouf, priv\u00e9es de libert\u00e9 et exploit\u00e9es comme un fonds de commerce pour l\u2019enrichissement personnel des dirigeants du polisario\u00bb.<\/p>\n<p>L\u2019Alg\u00e9rie est \u00e9galement responsable, devant la communaut\u00e9 internationale, \u00abdu fait insolite de transf\u00e9rer ses pr\u00e9rogatives de souverainet\u00e9 \u00e0 un groupe arm\u00e9 pour contr\u00f4ler les soi-disant camps de r\u00e9fugi\u00e9s, en violation du droit humanitaire\u00bb, a affirm\u00e9 l\u2019ambassadeur qui a fustig\u00e9 l\u2019ent\u00eatement d\u2019Alger \u00e0 refuser le recensement de cette population \u00abafin de pouvoir lui donner une protection humanitaire internationale et lui accorder le statut juridique de r\u00e9fugi\u00e9s, dont elle est \u00e0 pr\u00e9sent priv\u00e9e\u00bb.<\/p>\n<p>\u00abMalheureusement, l\u2019Alg\u00e9rie d\u00e9pense tant de ressources, tant d\u2019\u00e9nergie et tant de comp\u00e9tences dans son action d\u2019hostilit\u00e9 obsessionnelle contre le Maroc, au lieu d\u2019investir cet effort dans des actions plus que n\u00e9cessaires de d\u00e9veloppement tant interne que r\u00e9gional pour favoriser l\u2019int\u00e9gration du Maghreb, d\u2019\u0153uvrer pour l\u2019avenir de ses jeunes en Alg\u00e9rie et au Maghreb\u00bb, a fait observer M. Balla, relevant que l\u2019obstination de ce pays \u00e0 faire perdurer ce diff\u00e9rend artificiel fait rater des opportunit\u00e9s \u00e0 l\u2019int\u00e9gration r\u00e9gionale dont l\u2019absence \u00e9quivaut \u00e0 moins deux points de pourcentage du PIB r\u00e9gional.<\/p>\n<p>S\u2019agissant de la situation dans la zone tampon d\u2019El Guerguarat, il a expliqu\u00e9 que les milices arm\u00e9es du polisario, soutenues par l\u2019Alg\u00e9rie, s\u2019\u00e9taient introduites sur le territoire marocain, et pr\u00e9cis\u00e9ment dans la zone tampon que le Maroc a plac\u00e9e sous la responsabilit\u00e9 de l\u2019ONU pour garantir le cessez-le-feu dans le cadre de l\u2019accord de 1991.<\/p>\n<p>Les s\u00e9paratistes, exploitant \u00e9galement des civils comme boucliers humains, ont commis des actes de banditisme et bloqu\u00e9 la circulation des personnes et des marchandises entre le Maroc et la Mauritanie, et ils ont intimid\u00e9 les observateurs militaires de la Minurso, a-t-il rappel\u00e9.<\/p>\n<p>Dans cette escalade dangereuse provoqu\u00e9e par les milices du polisario, le Maroc, en pleine harmonie avec l\u2019ONU et son Secr\u00e9taire g\u00e9n\u00e9ral, a \u00e9t\u00e9 contraint d\u2019intervenir en exer\u00e7ant son droit dans une zone de souverainet\u00e9 nationale au Sahara marocain, a-t-il pr\u00e9cis\u00e9.<\/p>\n<p>Cette action pacifique des Forces Arm\u00e9es Royales qui s\u2019est termin\u00e9e sans aucun contact avec les civils, a permis le retour \u00e0 la normalit\u00e9 et au trafic civil et commercial avec la Mauritanie, a relev\u00e9 l\u2019ambassadeur.<\/p>\n<p>\u00abMalheureusement, les attaques des milices, arrivant des camps de Tindouf en Alg\u00e9rie, se r\u00e9p\u00e8tent depuis longtemps et le Maroc n\u2019a cess\u00e9 de d\u00e9noncer ces incursions aux Nations Unies\u00bb, a-t-il indiqu\u00e9, rappelant qu\u2019il existe au moins 5 r\u00e9solutions du Conseil de s\u00e9curit\u00e9, notamment la 2414 et la 2440, qui ont condamn\u00e9 et forc\u00e9 les milices \u00e0 se retirer de ladite zone et \u00e0 s\u2019abstenir de tout acte mena\u00e7ant la s\u00e9curit\u00e9 et la stabilit\u00e9 de la r\u00e9gion.<br \/>L\u2019ambassadeur s\u2019est attard\u00e9, par ailleurs, sur les liens du polisario avec le terrorisme djihadiste et le crime organis\u00e9, des liens qui \u00abont \u00e9t\u00e9 d\u00e9nonc\u00e9s dans divers rapports de renseignement de pays \u00e9trangers et par des centres de recherche strat\u00e9gique et s\u00e9curitaire\u00bb.<\/p>\n<p>\u00abDes pays comme l\u2019Espagne ou les \u00c9tats-Unis ont mis en garde contre la d\u00e9rive djihadiste du polisario et le fait que les camps de Tindouf deviennent un terrain fertile pour le recrutement de djihadistes, et ont exprim\u00e9 leur inqui\u00e9tude quant \u00e0 l\u2019impact de cette situation sur la s\u00e9curit\u00e9 dans la r\u00e9gion m\u00e9diterran\u00e9enne\u00bb, a-t-il dit.<\/p>\n<p>Les dirigeants du polisario ont \u00e9t\u00e9 d\u00e9nonc\u00e9s \u00e0 la justice espagnole pour crimes contre l\u2019humanit\u00e9, violation des droits de l\u2019homme et disparitions forc\u00e9es, qui sont estim\u00e9es \u00e0 plus de 358 personnes par l\u2019association des disparus du polisario, raison pour laquelle leur chef ne peut se rendre en Europe o\u00f9 un mandat d\u2019arr\u00eat est \u00e9mis contre lui, a-t-il rappel\u00e9.<\/p>\n<p>\u00abToujours devant les tribunaux espagnols, le groupe s\u00e9paratiste a plusieurs proc\u00e8s pour piraterie et terrorisme dont plus de 300 familles espagnoles sont victimes et ont \u00e9t\u00e9 reconnues par l\u2019\u00c9tat espagnol comme victimes du terrorisme, au m\u00eame niveau que les victimes des groupes terroristes de l\u2019ETA ou du GRAPO\u00bb, a fait observer le diplomate marocain.<\/p>\n<p>Selon les services de renseignement occidentaux, les actions du polisario ne se limitent plus au kidnapping, comme cela s\u2019est produit avec une coop\u00e9rante italienne en 2011, mais, sans aucun scrupule, il forme et utilise des enfants recrut\u00e9s par des djihadistes, ce qui d\u00e9montre une \u00e9volution inqui\u00e9tante dans sa strat\u00e9gie terroriste, a-t-il rappel\u00e9.<\/p>\n<p>Et d\u2019ajouter que la relation entre le polisario et les groupes terroristes est \u00e9galement confirm\u00e9e par la prime de 5 millions de dollars du D\u00e9partement d\u2019\u00c9tat am\u00e9ricain sur la t\u00eate du terroriste Adnan Abu Walid Al-Sahrawi, membre du groupe arm\u00e9 s\u00e9paratiste du polisario et chef de l\u2019organisation terroriste de l\u2019\u00c9tat Islamique au Grand Sahara.<\/p>\n<p>Auteur: M&rsquo;hammed rahal<br \/>\n<a href=\"http:\/\/albayane.press.ma\/%EF%BB%BFlalgerie-assume-lentiere-responsabilite-dans-la-creation-et-la-perpetuation-du-differend-regional-sur-le-sahara-marocain.html\">Cliquez ici pour lire l&rsquo;article depuis sa source.<\/a><\/p>\n","protected":false},"excerpt":{"rendered":"<p>Youssef Balla, ambassadeur du Maroc en Italie L\u2019Alg\u00e9rie assume l\u2019enti\u00e8re responsabilit\u00e9 dans la cr\u00e9ation et la perp\u00e9tuation du diff\u00e9rend r\u00e9gional sur le Sahara marocain, a soulign\u00e9 l\u2019ambassadeur du Maroc en Italie, Youssef Balla. \u00abL\u2019Alg\u00e9rie assume l\u2019enti\u00e8re responsabilit\u00e9 de la cr\u00e9ation et la perp\u00e9tuation du diff\u00e9rend r\u00e9gional sur le Sahara marocain. Les derni\u00e8res r\u00e9solutions du Conseil [&hellip;]<\/p>\n","protected":false},"author":1760,"featured_media":0,"comment_status":"closed","ping_status":"closed","sticky":false,"template":"","format":"standard","meta":{"fifu_image_url":"","fifu_image_alt":"","footnotes":""},"categories":[73,54],"tags":[],"class_list":["post-105815","post","type-post","status-publish","format-standard","hentry","category-actualite","category-maroc"],"_links":{"self":[{"href":"https:\/\/linitiative.ca\/International\/wp-json\/wp\/v2\/posts\/105815","targetHints":{"allow":["GET"]}}],"collection":[{"href":"https:\/\/linitiative.ca\/International\/wp-json\/wp\/v2\/posts"}],"about":[{"href":"https:\/\/linitiative.ca\/International\/wp-json\/wp\/v2\/types\/post"}],"author":[{"embeddable":true,"href":"https:\/\/linitiative.ca\/International\/wp-json\/wp\/v2\/users\/1760"}],"replies":[{"embeddable":true,"href":"https:\/\/linitiative.ca\/International\/wp-json\/wp\/v2\/comments?post=105815"}],"version-history":[{"count":0,"href":"https:\/\/linitiative.ca\/International\/wp-json\/wp\/v2\/posts\/105815\/revisions"}],"wp:attachment":[{"href":"https:\/\/linitiative.ca\/International\/wp-json\/wp\/v2\/media?parent=105815"}],"wp:term":[{"taxonomy":"category","embeddable":true,"href":"https:\/\/linitiative.ca\/International\/wp-json\/wp\/v2\/categories?post=105815"},{"taxonomy":"post_tag","embeddable":true,"href":"https:\/\/linitiative.ca\/International\/wp-json\/wp\/v2\/tags?post=105815"}],"curies":[{"name":"wp","href":"https:\/\/api.w.org\/{rel}","templated":true}]}}