{"id":105819,"date":"2020-11-26T03:35:04","date_gmt":"2020-11-26T08:35:04","guid":{"rendered":"https:\/\/linitiative.ca\/International\/senegal-la-banque-africaine-de-developpement-renforce-les-capacites-nationales-pour-accroitre-la-performance-de-son-portefeuille\/"},"modified":"2020-11-26T03:35:04","modified_gmt":"2020-11-26T08:35:04","slug":"senegal-la-banque-africaine-de-developpement-renforce-les-capacites-nationales-pour-accroitre-la-performance-de-son-portefeuille","status":"publish","type":"post","link":"https:\/\/linitiative.ca\/International\/senegal-la-banque-africaine-de-developpement-renforce-les-capacites-nationales-pour-accroitre-la-performance-de-son-portefeuille\/","title":{"rendered":"S\u00e9n\u00e9gal : la Banque africaine de d\u00e9veloppement renforce les capacit\u00e9s nationales pour accro\u00eetre la performance de son portefeuille"},"content":{"rendered":"<table class=\"c2\">\n<tbody>\n<tr>\n<td><strong><em>Il vise \u00e0 renforcer les capacit\u00e9s de gestion des projets des diff\u00e9rentes parties prenantes afin d\u2019accro\u00eetre la performance du portefeuille de la Banque et d\u2019am\u00e9liorer l\u2019efficacit\u00e9 du d\u00e9veloppement au S\u00e9n\u00e9gal<\/em><\/strong><\/td>\n<\/tr>\n<tr>\n<td>ABIDJAN, C\u00f4te d\u2019Ivoire, 26 novembre 2020\/ \u2014 Dans le cadre de sa coop\u00e9ration avec le gouvernement du S\u00e9n\u00e9gal, la Banque africaine de d\u00e9veloppement (<a href=\"http:\/\/www.afdb.org\/\" data-saferedirecturl=\"https:\/\/www.google.com\/url?q=http:\/\/www.AfDB.org&amp;source=gmail&amp;ust=1606465707630000&amp;usg=AFQjCNEsOJYfhFB1ZyB_c1MOaZPm8t-uCA\">www.AfDB.org<\/a>) organise, du 23 au 25 novembre 2020, un atelier virtuel ayant pour th\u00e8me le renforcement des capacit\u00e9s institutionnelles et clinique fiduciaire (RICF).<\/p>\n<p>Ce webinaire, plac\u00e9 sous la coordination de l\u2019Institut africain de d\u00e9veloppement (ECAD), est organis\u00e9 en collaboration avec le bureau-pays de la Banque au S\u00e9n\u00e9gal et plusieurs d\u00e9partements cl\u00e9s concern\u00e9s par les th\u00e9matiques \u00ab\u00a0acquisitions\u00a0\u00bb, \u00ab\u00a0d\u00e9caissements et gestion financi\u00e8re\u00a0\u00bb, \u00ab\u00a0\u00e9thique\u00a0\u00bb et \u00ab\u00a0lutte contre la corruption\u00a0\u00bb.<\/p>\n<p>Il vise \u00e0 renforcer les capacit\u00e9s de gestion des projets des diff\u00e9rentes parties prenantes, en l\u2019occurrence les personnels des cellules d\u2019ex\u00e9cution de projets (CEP), afin d\u2019accro\u00eetre la performance du portefeuille de la Banque et d\u2019am\u00e9liorer l\u2019efficacit\u00e9 du d\u00e9veloppement au S\u00e9n\u00e9gal.<\/p>\n<p>Plus de 70 personnes prennent part \u00e0 cet atelier parmi lesquelles de hauts responsables du minist\u00e8re de l\u2019\u00c9conomie, du Plan et de la Coop\u00e9ration, du minist\u00e8re des Finances et du Budget et des minist\u00e8res sectoriels concern\u00e9s ainsi que des coordonnateurs de projets et des charg\u00e9s de passation de march\u00e9s, de gestion financi\u00e8re et d\u00e9caissement, et de suivi-\u00e9valuation des CEP.<\/p>\n<p>La coordonnatrice en chef du renforcement des capacit\u00e9s \u00e0 ECAD, Ann Sow Dao, qui assure la coordination g\u00e9n\u00e9rale de l\u2019atelier, a pr\u00e9sent\u00e9 le concept de la clinique fiduciaire et son historique ainsi que les objectifs et les d\u00e9tails pratiques de la tenue de cet atelier. L\u2019organisation du RICF se veut pr\u00e9ventive et participative afin de maximiser l\u2019impact de d\u00e9veloppement du programme-pays du S\u00e9n\u00e9gal. Il en est attendu l\u2019acquisition de comp\u00e9tences et la cr\u00e9ation d\u2019un cadre de dialogue permettant une meilleure compr\u00e9hension et une mise \u00e0 jour des connaissances des r\u00e8gles, proc\u00e9dures, normes, standards et principes de la Banque par toutes les parties prenantes.<\/p>\n<p>Dans son discours d\u2019accueil, le responsable par int\u00e9rim du bureau-pays de la Banque au S\u00e9n\u00e9gal, Adam Amoumoun, a \u00e9voqu\u00e9 les points saillants de l\u2019\u00e9tat du portefeuille de la Banque au S\u00e9n\u00e9gal et a rappel\u00e9 l\u2019importance de cet exercice pour am\u00e9liorer la qualit\u00e9 et la performance du portefeuille et acc\u00e9l\u00e9rer l\u2019atteinte des r\u00e9sultats pour les populations b\u00e9n\u00e9ficiaires. De son c\u00f4t\u00e9, Samba Fall, responsable de la direction de l\u2019ordonnancement des d\u00e9penses publiques (DODP) au minist\u00e8re des Finances et du Budget a remerci\u00e9 la Banque pour cette initiative, tout en soumettant quelques aspects \u00e0 aborder lors des sessions du webinaire. Il a rappel\u00e9 l\u2019opportunit\u00e9 de l\u2019exercice \u00e0 un moment o\u00f9 le S\u00e9n\u00e9gal vient d\u2019\u00eatre admis au guichet BAD o\u00f9 il g\u00e9rera d\u00e9sormais des ressources plus importantes.<\/p>\n<p>Le directeur de la coop\u00e9ration et des financements ext\u00e9rieurs (DCFE) au minist\u00e8re de l\u2019\u00c9conomie, du Plan et de la Coop\u00e9ration (MEPC), Ousmane Ba, a ouvert officiellement l\u2019atelier et a souhait\u00e9 \u00e0 tous une bonne session de formation.<\/p>\n<p>Prenant une part active au webinaire, les participants ont salu\u00e9 l\u2019introduction de nouvelles sessions, dont celles portant sur les aspects \u00e9thiques et la lutte contre la corruption.<\/p>\n<p><em>Distribu\u00e9 par APO Group pour African Development Bank Group (AfDB).<\/em><\/p>\n<p class=\"c1\"><strong>SOURCE<\/strong><br \/>African Development Bank Group (AfDB)<\/p>\n<\/td>\n<\/tr>\n<\/tbody>\n<\/table>\n<div class=\"wp-post-author-wrap wp-post-author-shortcode left\">\n<h3 class=\"awpa-title\"\/>\n<div class=\"wp-post-author\">\n<div class=\"awpa-img awpa-author-block square\"><a href=\"http:\/\/lexpertjournal.net\/fr\/?author=5\"><img loading=\"lazy\" decoding=\"async\" alt=\"\" src=\"http:\/\/0.gravatar.com\/avatar\/97f8e10a1c1125ba104a76514ee07b16?s=150&amp;d=mm&amp;r=g\" srcset=\"http:\/\/0.gravatar.com\/avatar\/97f8e10a1c1125ba104a76514ee07b16?s=300&amp;d=mm&amp;r=g 2x\" class=\"avatar avatar-150 photo\" height=\"150\" width=\"150\"\/><\/a><\/div>\n<\/div>\n<\/div>\n<aside class=\"mashsb-container mashsb-main mashsb-stretched\">\n<\/aside>\n<p>Auteur: L&rsquo;expert<br \/>\n<a href=\"http:\/\/lexpertjournal.net\/fr\/?p=17391\">Cliquez ici pour lire l&rsquo;article depuis sa source.<\/a><\/p>\n","protected":false},"excerpt":{"rendered":"<p>Il vise \u00e0 renforcer les capacit\u00e9s de gestion des projets des diff\u00e9rentes parties prenantes afin d\u2019accro\u00eetre la performance du portefeuille de la Banque et d\u2019am\u00e9liorer l\u2019efficacit\u00e9 du d\u00e9veloppement au S\u00e9n\u00e9gal ABIDJAN, C\u00f4te d\u2019Ivoire, 26 novembre 2020\/ \u2014 Dans le cadre de sa coop\u00e9ration avec le gouvernement du S\u00e9n\u00e9gal, la Banque africaine de d\u00e9veloppement (www.AfDB.org) organise, [&hellip;]<\/p>\n","protected":false},"author":1775,"featured_media":0,"comment_status":"closed","ping_status":"closed","sticky":false,"template":"","format":"standard","meta":{"fifu_image_url":"http:\/\/0.gravatar.com\/avatar\/97f8e10a1c1125ba104a76514ee07b16?s=150&d=mm&r=g","fifu_image_alt":"S\u00e9n\u00e9gal : la Banque africaine de d\u00e9veloppement renforce les capacit\u00e9s nationales pour accro\u00eetre la performance de son portefeuille","footnotes":""},"categories":[78,55],"tags":[],"class_list":["post-105819","post","type-post","status-publish","format-standard","hentry","category-economie","category-tunisie"],"_links":{"self":[{"href":"https:\/\/linitiative.ca\/International\/wp-json\/wp\/v2\/posts\/105819","targetHints":{"allow":["GET"]}}],"collection":[{"href":"https:\/\/linitiative.ca\/International\/wp-json\/wp\/v2\/posts"}],"about":[{"href":"https:\/\/linitiative.ca\/International\/wp-json\/wp\/v2\/types\/post"}],"author":[{"embeddable":true,"href":"https:\/\/linitiative.ca\/International\/wp-json\/wp\/v2\/users\/1775"}],"replies":[{"embeddable":true,"href":"https:\/\/linitiative.ca\/International\/wp-json\/wp\/v2\/comments?post=105819"}],"version-history":[{"count":0,"href":"https:\/\/linitiative.ca\/International\/wp-json\/wp\/v2\/posts\/105819\/revisions"}],"wp:attachment":[{"href":"https:\/\/linitiative.ca\/International\/wp-json\/wp\/v2\/media?parent=105819"}],"wp:term":[{"taxonomy":"category","embeddable":true,"href":"https:\/\/linitiative.ca\/International\/wp-json\/wp\/v2\/categories?post=105819"},{"taxonomy":"post_tag","embeddable":true,"href":"https:\/\/linitiative.ca\/International\/wp-json\/wp\/v2\/tags?post=105819"}],"curies":[{"name":"wp","href":"https:\/\/api.w.org\/{rel}","templated":true}]}}