{"id":105822,"date":"2020-11-26T09:35:08","date_gmt":"2020-11-26T14:35:08","guid":{"rendered":"https:\/\/linitiative.ca\/International\/locs-sadjuge-les-services-du-joueur-bresilien-jardson-polako\/"},"modified":"2020-11-26T09:35:08","modified_gmt":"2020-11-26T14:35:08","slug":"locs-sadjuge-les-services-du-joueur-bresilien-jardson-polako","status":"publish","type":"post","link":"https:\/\/linitiative.ca\/International\/locs-sadjuge-les-services-du-joueur-bresilien-jardson-polako\/","title":{"rendered":"L\u2019OCS s\u2019adjuge les services du joueur br\u00e9silien Jardson Polako"},"content":{"rendered":"<div class=\"single-featured\"><img alt=\"\" data-src=\"http:\/\/www.mapmarrakech.ma\/map\/uploads\/2020\/11\/OCS-copier.jpg\"\/><\/div>\n<div class=\"single-post-excerpt post-excerpt-bc\" readability=\"38\">\n<p>Safi \u2013 Le joueur br\u00e9silien, Jardson Polako, vient de signer avec l\u2019Olympique Club de Safi (OCS), section football, pour deux saisons sportives, a annonc\u00e9 l\u2019OCS.<\/p>\n<\/div>\n<div class=\"entry-content clearfix single-post-content\" readability=\"62\">\n<p>Ag\u00e9 de 27 ans, ce milieu de terrain offensif a \u00e9volu\u00e9 notamment au sein des \u00e9quipes br\u00e9siliennes de Tombense,\u00a0Galvez EC et Sao Luiz-RZ.<\/p>\n<p>Avec ce nouveau recrutement, le club safiote affiche sa volont\u00e9 de jouer les premi\u00e8res places lors de la Botola Pro D1, saison 2020-2021.<\/p>\n<p>D\u2019autres joueurs venus pour renforcer les rangs de l\u2019\u00e9quipe safiote, ont d\u00e9j\u00e0 sign\u00e9 pour le club, rappelle-t-on.<\/p>\n<p>Il s\u2019agit de Hicham Laroui, l\u2019international libyen Oussama Al-Badawi, l\u2019international ivoirien Kassi Thierry Martial, Mehdi Zaya et Mouncef Amri alors que plusieurs autres joueurs sont dans le viseur de l\u2019\u00e9quipe.<\/p>\n<p>L\u2019OCS a aussi renouvel\u00e9 les contrats de certains joueurs, tels que le portier Merouane Bessak et le d\u00e9fenseur Mehdi Attouchi, le milieu de terrain Zakaria Lahlali et le joueur br\u00e9silien Claudio Raphael.<\/p>\n<p>A rappeler que l\u2019OCS a termin\u00e9 la Botola Pro D1 en 13\u00e8 position avec 33 points (6 victoires, 15 nuls et 9 d\u00e9faites).<\/p>\n<\/div>\n<p>Auteur: Meriem IGASS<br \/>\n<a href=\"http:\/\/www.mapmarrakech.ma\/fr\/locs-sadjuge-les-services-du-joueur-bresilien-jardson-polako\/\">Cliquez ici pour lire l&rsquo;article depuis sa source.<\/a><\/p>\n","protected":false},"excerpt":{"rendered":"<p>Safi \u2013 Le joueur br\u00e9silien, Jardson Polako, vient de signer avec l\u2019Olympique Club de Safi (OCS), section football, pour deux saisons sportives, a annonc\u00e9 l\u2019OCS. Ag\u00e9 de 27 ans, ce milieu de terrain offensif a \u00e9volu\u00e9 notamment au sein des \u00e9quipes br\u00e9siliennes de Tombense,\u00a0Galvez EC et Sao Luiz-RZ. Avec ce nouveau recrutement, le club safiote [&hellip;]<\/p>\n","protected":false},"author":1788,"featured_media":0,"comment_status":"closed","ping_status":"closed","sticky":false,"template":"","format":"standard","meta":{"fifu_image_url":"http:\/\/www.mapmarrakech.ma\/map\/uploads\/2020\/11\/OCS-copier.jpg","fifu_image_alt":"L\u2019OCS s\u2019adjuge les services du joueur br\u00e9silien Jardson Polako","footnotes":""},"categories":[54,76],"tags":[],"class_list":["post-105822","post","type-post","status-publish","format-standard","hentry","category-maroc","category-regions"],"_links":{"self":[{"href":"https:\/\/linitiative.ca\/International\/wp-json\/wp\/v2\/posts\/105822","targetHints":{"allow":["GET"]}}],"collection":[{"href":"https:\/\/linitiative.ca\/International\/wp-json\/wp\/v2\/posts"}],"about":[{"href":"https:\/\/linitiative.ca\/International\/wp-json\/wp\/v2\/types\/post"}],"author":[{"embeddable":true,"href":"https:\/\/linitiative.ca\/International\/wp-json\/wp\/v2\/users\/1788"}],"replies":[{"embeddable":true,"href":"https:\/\/linitiative.ca\/International\/wp-json\/wp\/v2\/comments?post=105822"}],"version-history":[{"count":0,"href":"https:\/\/linitiative.ca\/International\/wp-json\/wp\/v2\/posts\/105822\/revisions"}],"wp:attachment":[{"href":"https:\/\/linitiative.ca\/International\/wp-json\/wp\/v2\/media?parent=105822"}],"wp:term":[{"taxonomy":"category","embeddable":true,"href":"https:\/\/linitiative.ca\/International\/wp-json\/wp\/v2\/categories?post=105822"},{"taxonomy":"post_tag","embeddable":true,"href":"https:\/\/linitiative.ca\/International\/wp-json\/wp\/v2\/tags?post=105822"}],"curies":[{"name":"wp","href":"https:\/\/api.w.org\/{rel}","templated":true}]}}