{"id":105823,"date":"2020-11-26T07:53:02","date_gmt":"2020-11-26T12:53:02","guid":{"rendered":"https:\/\/linitiative.ca\/International\/des-pluies-sous-forme-daverses-orageuses-sur-les-wilayas-de-louest-a-partir-de-jeudi-soir\/"},"modified":"2020-11-26T07:53:02","modified_gmt":"2020-11-26T12:53:02","slug":"des-pluies-sous-forme-daverses-orageuses-sur-les-wilayas-de-louest-a-partir-de-jeudi-soir","status":"publish","type":"post","link":"https:\/\/linitiative.ca\/International\/des-pluies-sous-forme-daverses-orageuses-sur-les-wilayas-de-louest-a-partir-de-jeudi-soir\/","title":{"rendered":"Des pluies sous forme d&rsquo;averses orageuses sur les wilayas de l&rsquo;Ouest \u00e0 partir de jeudi soir"},"content":{"rendered":"<div>\n<div class=\"K2FeedImage\"><img decoding=\"async\" src=\"http:\/\/www.aps.dz\/media\/k2\/items\/cache\/d7df45bea9391e85a107610c82369c40_S.jpg\" alt=\"Des pluies sous forme d'averses orageuses sur les wilayas de l'Ouest \u00e0 partir de jeudi soir\"><\/div>\n<div class=\"K2FeedIntroText\">\n<p dir=\"ltr\" style=\"text-align: justify;\"><strong>ALGER &#8211; Des pluies parfois sous forme d&rsquo;averses orageuses affecteront les wilayas de l&rsquo;Ouest du pays \u00e0 partir de ce jeudi soir, indique l&rsquo;Office national de la m\u00e9t\u00e9orologie (ONM) dans un bulletin sp\u00e9cial (BMS).<\/strong><\/p>\n<\/div>\n<div class=\"K2FeedFullText\">\n<p dir=\"ltr\" style=\"text-align: justify;\">Plac\u00e9es au niveau de vigilance Orange, les wilayas concern\u00e9es par les pluies sont Tlemcen, Ain Temouchent, Oran, Sidi Bel Abbes, Na\u00e2ma et le Nord de B\u00e9char, et ce \u00e0 partir de ce jeudi \u00e0 21h00 jusqu&rsquo;\u00e0 vendredi \u00e0 15h00 au moins, avec des quantit\u00e9s estim\u00e9es entre 20 et 40 mm, pr\u00e9cise la m\u00eame source.<\/p>\n<p dir=\"ltr\" style=\"text-align: justify;\">Des rafales de vent sous orages sont \u00e9galement pr\u00e9vues, ajoute l&rsquo;ONM.<\/p>\n<\/div>\n<\/div>\n<p>Auteur:<br \/>\n<a href=\"http:\/\/www.aps.dz\/regions\/113359-des-pluies-sous-forme-d-averses-orageuses-sur-les-wilayas-de-l-ouest-a-partir-de-jeudi-soir\">Cliquez ici pour lire l&rsquo;article depuis sa source.<\/a><\/p>\n","protected":false},"excerpt":{"rendered":"<p>ALGER &#8211; Des pluies parfois sous forme d&rsquo;averses orageuses affecteront les wilayas de l&rsquo;Ouest du pays \u00e0 partir de ce jeudi soir, indique l&rsquo;Office national de la m\u00e9t\u00e9orologie (ONM) dans un bulletin sp\u00e9cial (BMS). Plac\u00e9es au niveau de vigilance Orange, les wilayas concern\u00e9es par les pluies sont Tlemcen, Ain Temouchent, Oran, Sidi Bel Abbes, Na\u00e2ma [&hellip;]<\/p>\n","protected":false},"author":1790,"featured_media":0,"comment_status":"closed","ping_status":"closed","sticky":false,"template":"","format":"standard","meta":{"fifu_image_url":"http:\/\/www.aps.dz\/media\/k2\/items\/cache\/d7df45bea9391e85a107610c82369c40_S.jpg","fifu_image_alt":"<div>Des pluies sous forme d'averses orageuses sur les wilayas de l'Ouest \u00e0 partir de jeudi soir<\/div>","footnotes":""},"categories":[53,76],"tags":[],"class_list":["post-105823","post","type-post","status-publish","format-standard","hentry","category-algerie","category-regions"],"_links":{"self":[{"href":"https:\/\/linitiative.ca\/International\/wp-json\/wp\/v2\/posts\/105823","targetHints":{"allow":["GET"]}}],"collection":[{"href":"https:\/\/linitiative.ca\/International\/wp-json\/wp\/v2\/posts"}],"about":[{"href":"https:\/\/linitiative.ca\/International\/wp-json\/wp\/v2\/types\/post"}],"author":[{"embeddable":true,"href":"https:\/\/linitiative.ca\/International\/wp-json\/wp\/v2\/users\/1790"}],"replies":[{"embeddable":true,"href":"https:\/\/linitiative.ca\/International\/wp-json\/wp\/v2\/comments?post=105823"}],"version-history":[{"count":0,"href":"https:\/\/linitiative.ca\/International\/wp-json\/wp\/v2\/posts\/105823\/revisions"}],"wp:attachment":[{"href":"https:\/\/linitiative.ca\/International\/wp-json\/wp\/v2\/media?parent=105823"}],"wp:term":[{"taxonomy":"category","embeddable":true,"href":"https:\/\/linitiative.ca\/International\/wp-json\/wp\/v2\/categories?post=105823"},{"taxonomy":"post_tag","embeddable":true,"href":"https:\/\/linitiative.ca\/International\/wp-json\/wp\/v2\/tags?post=105823"}],"curies":[{"name":"wp","href":"https:\/\/api.w.org\/{rel}","templated":true}]}}