{"id":105824,"date":"2020-11-26T10:33:05","date_gmt":"2020-11-26T15:33:05","guid":{"rendered":"https:\/\/linitiative.ca\/International\/lpa-les-listes-des-beneficiaires-devoilees-en-mars-2021\/"},"modified":"2020-11-26T10:33:05","modified_gmt":"2020-11-26T15:33:05","slug":"lpa-les-listes-des-beneficiaires-devoilees-en-mars-2021","status":"publish","type":"post","link":"https:\/\/linitiative.ca\/International\/lpa-les-listes-des-beneficiaires-devoilees-en-mars-2021\/","title":{"rendered":"LPA: les listes des b\u00e9n\u00e9ficiaires d\u00e9voil\u00e9es en mars 2021"},"content":{"rendered":"<p><span class=\"sp-nh-title\">Secousse tellurique de magnitude 3,4 dans la wilaya de M\u00e9d\u00e9a<\/span> &#8211; <span class=\"sp-nh-date\">jeudi 26 novembre 2020 19:57<\/span><\/p>\n<p><span class=\"sp-nh-title\">Electricit\u00e9 et de gaz : les citoyens d&rsquo;Alger inviter \u00e0 r\u00e9gler leurs factures<\/span> &#8211; <span class=\"sp-nh-date\">jeudi 26 novembre 2020 19:39<\/span><\/p>\n<p><span class=\"sp-nh-title\">46e anniversaire de cr\u00e9ation de l&rsquo;UNPA: Djerad salue les efforts des agriculteurs<\/span> &#8211; <span class=\"sp-nh-date\">jeudi 26 novembre 2020 19:16<\/span><\/p>\n<p><span class=\"sp-nh-title\">Entretien t\u00e9l\u00e9phonique entre Djerad et son homologue espagnol<\/span> &#8211; <span class=\"sp-nh-date\">jeudi 26 novembre 2020 19:14<\/span><\/p>\n<p><span class=\"sp-nh-title\">Forte participation \u00e0 la journ\u00e9e nationale du cross challenge du nombre de l\u2019ANP<\/span> &#8211; <span class=\"sp-nh-date\">jeudi 26 novembre 2020 19:00<\/span><\/p>\n<p><span class=\"sp-nh-title\">Alg\u00e9rie-Nig\u00e9ria : hisser la coop\u00e9ration \u00e9conomique au niveau des relations politiques<\/span> &#8211; <span class=\"sp-nh-date\">jeudi 26 novembre 2020 18:56<\/span><\/p>\n<p><span class=\"sp-nh-title\">Nouvelles mesures pour faciliter le r\u00e9\u00e9chelonnement des cr\u00e9ances des start-up<\/span> &#8211; <span class=\"sp-nh-date\">jeudi 26 novembre 2020 18:47<\/span><\/p>\n<p><span class=\"sp-nh-title\">Boukadoum re\u00e7u par le pr\u00e9sident du Nigeria \u00e0 Abuja<\/span> &#8211; <span class=\"sp-nh-date\">jeudi 26 novembre 2020 18:42<\/span><\/p>\n<p><span class=\"sp-nh-title\">Convention entre les minist\u00e8res de l&rsquo;Enseignement sup\u00e9rieur, des Mines et de la P\u00eache<\/span> &#8211; <span class=\"sp-nh-date\">jeudi 26 novembre 2020 18:27<\/span><\/p>\n<p><span class=\"sp-nh-title\">Chanegriha pr\u00e9side la c\u00e9r\u00e9monie de conversion d&rsquo;un h\u00f4tel militaire en une structure sanitaire<\/span> &#8211; <span class=\"sp-nh-date\">jeudi 26 novembre 2020 18:17<\/span><\/p>\n<p><span class=\"sp-nh-title\">Covid-19: le Conseil de la nation prend part \u00e0 un webinaire sur le programme 2030 du d\u00e9veloppement durable dans la r\u00e9gion arabe<\/span> &#8211; <span class=\"sp-nh-date\">jeudi 26 novembre 2020 18:17<\/span><\/p>\n<p><span class=\"sp-nh-title\">Lancement d\u2019une op\u00e9ration pilote de d\u00e9sinfection de la maison des personnes \u00e2g\u00e9es<\/span> &#8211; <span class=\"sp-nh-date\">jeudi 26 novembre 2020 17:54<\/span><\/p>\n<p><span class=\"sp-nh-title\">Championnat militaire inter-\u00e9coles de judo \u00e0 Guelma : l&rsquo;EATM et l&rsquo;ESDAT sacr\u00e9es<\/span> &#8211; <span class=\"sp-nh-date\">jeudi 26 novembre 2020 17:28<\/span><\/p>\n<p><span class=\"sp-nh-title\">Le MAE d\u00e9ment la suspension par les Emirats arabes unis de la d\u00e9livrance de visas<\/span> &#8211; <span class=\"sp-nh-date\">jeudi 26 novembre 2020 17:15<\/span><\/p>\n<p><span class=\"sp-nh-title\">Le PRA renouvelle sa position inali\u00e9nable aux c\u00f4t\u00e9s du peuple sahraoui<\/span> &#8211; <span class=\"sp-nh-date\">jeudi 26 novembre 2020 17:10<\/span><\/p>\n<p><span class=\"sp-nh-title\">Coronavirus : 1085 nouveaux cas, 622 gu\u00e9risons et 23 d\u00e9c\u00e8s<\/span> &#8211; <span class=\"sp-nh-date\">jeudi 26 novembre 2020 17:01<\/span><\/p>\n<p><span class=\"sp-nh-title\">La r\u00e9alisation du port du Centre \u00e0 El Hamdania et de grands projets miniers lanc\u00e9e \u00e0 partir de 2021<\/span> &#8211; <span class=\"sp-nh-date\">jeudi 26 novembre 2020 16:53<\/span><\/p>\n<p><span class=\"sp-nh-title\">OPEP : Attar pr\u00e9sidera lundi la 180\u00e8me r\u00e9union minist\u00e9rielle<\/span> &#8211; <span class=\"sp-nh-date\">jeudi 26 novembre 2020 16:47<\/span><\/p>\n<p><span class=\"sp-nh-title\">LPA: les listes des b\u00e9n\u00e9ficiaires d\u00e9voil\u00e9es en mars 2021<\/span> &#8211; <span class=\"sp-nh-date\">jeudi 26 novembre 2020 16:33<\/span><\/p>\n<p><span class=\"sp-nh-title\">Cause sahraouie : la passivit\u00e9 de l\u2019ONU a conduit \u00e0 l&rsquo;effondrement du cessez-le-feu<\/span> &#8211; <span class=\"sp-nh-date\">jeudi 26 novembre 2020 16:27<\/span><\/p>\n<p>Auteur:<br \/>\n<a href=\"http:\/\/www.aps.dz\/regions\/113376-lpa-les-listes-des-beneficiaires-devoilees-en-mars-2021\">Cliquez ici pour lire l&rsquo;article depuis sa source.<\/a><\/p>\n","protected":false},"excerpt":{"rendered":"<p>Secousse tellurique de magnitude 3,4 dans la wilaya de M\u00e9d\u00e9a &#8211; jeudi 26 novembre 2020 19:57 Electricit\u00e9 et de gaz : les citoyens d&rsquo;Alger inviter \u00e0 r\u00e9gler leurs factures &#8211; jeudi 26 novembre 2020 19:39 46e anniversaire de cr\u00e9ation de l&rsquo;UNPA: Djerad salue les efforts des agriculteurs &#8211; jeudi 26 novembre 2020 19:16 Entretien t\u00e9l\u00e9phonique [&hellip;]<\/p>\n","protected":false},"author":1790,"featured_media":0,"comment_status":"closed","ping_status":"closed","sticky":false,"template":"","format":"standard","meta":{"fifu_image_url":"","fifu_image_alt":"","footnotes":""},"categories":[53,76],"tags":[],"class_list":["post-105824","post","type-post","status-publish","format-standard","hentry","category-algerie","category-regions"],"_links":{"self":[{"href":"https:\/\/linitiative.ca\/International\/wp-json\/wp\/v2\/posts\/105824","targetHints":{"allow":["GET"]}}],"collection":[{"href":"https:\/\/linitiative.ca\/International\/wp-json\/wp\/v2\/posts"}],"about":[{"href":"https:\/\/linitiative.ca\/International\/wp-json\/wp\/v2\/types\/post"}],"author":[{"embeddable":true,"href":"https:\/\/linitiative.ca\/International\/wp-json\/wp\/v2\/users\/1790"}],"replies":[{"embeddable":true,"href":"https:\/\/linitiative.ca\/International\/wp-json\/wp\/v2\/comments?post=105824"}],"version-history":[{"count":0,"href":"https:\/\/linitiative.ca\/International\/wp-json\/wp\/v2\/posts\/105824\/revisions"}],"wp:attachment":[{"href":"https:\/\/linitiative.ca\/International\/wp-json\/wp\/v2\/media?parent=105824"}],"wp:term":[{"taxonomy":"category","embeddable":true,"href":"https:\/\/linitiative.ca\/International\/wp-json\/wp\/v2\/categories?post=105824"},{"taxonomy":"post_tag","embeddable":true,"href":"https:\/\/linitiative.ca\/International\/wp-json\/wp\/v2\/tags?post=105824"}],"curies":[{"name":"wp","href":"https:\/\/api.w.org\/{rel}","templated":true}]}}