{"id":105827,"date":"2020-11-26T07:40:56","date_gmt":"2020-11-26T12:40:56","guid":{"rendered":"https:\/\/linitiative.ca\/International\/coup-denvoi-du-9e-festival-maghrebin-du-film-doujda\/"},"modified":"2020-11-26T07:40:56","modified_gmt":"2020-11-26T12:40:56","slug":"coup-denvoi-du-9e-festival-maghrebin-du-film-doujda","status":"publish","type":"post","link":"https:\/\/linitiative.ca\/International\/coup-denvoi-du-9e-festival-maghrebin-du-film-doujda\/","title":{"rendered":"Coup d\u2019envoi du 9\u00e8 Festival maghr\u00e9bin du film d\u2019Oujda"},"content":{"rendered":"<p class=\"c4\">La neuvi\u00e8me \u00e9dition du Festival maghr\u00e9bin du film d\u2019Oujda (FMFO) a \u00e9t\u00e9 ouverte, mercredi soir en version digitale, sous le th\u00e8me \u00abOujda, Carrefour du Cin\u00e9ma Maghr\u00e9bin\u00bb.<\/p>\n<p class=\"c4\">Le Festival, qui se poursuivra jusqu\u2019au 29 novembre courant, revient cette ann\u00e9e en force, plus mobilis\u00e9 que jamais, pour honorer son rendez-vous annuel malgr\u00e9 la conjoncture actuelle li\u00e9e \u00e0 la pand\u00e9mie du Covid-19.<\/p>\n<p class=\"c4\">Pour l\u2019association Cin\u00e9-Maghreb, organisatrice de cet \u00e9v\u00e8nement, le format digital choisi pour cette \u00e9dition permettra une rencontre virtuelle avec un large public des pays du Grand Maghreb et au-del\u00e0. L\u2019objectif \u00e9tant de \u00abcontribuer \u00e0 l\u2019animation de la sc\u00e8ne artistique maghr\u00e9bine et au renforcement des liens entre les peuples et les cultures\u00bb.<\/p>\n<p class=\"c4\">Le directeur du Festival, Khalid Sli a affirm\u00e9 \u00e0 l\u2019ouverture de cette \u00e9dition que le FMFO n\u2019a cess\u00e9 d\u2019\u00e9voluer et de gagner en maturit\u00e9 et en notori\u00e9t\u00e9 au fil des \u00e9ditons avant de parvenir \u00e0 \u00e9riger la ville mill\u00e9naire d\u2019Oujda en v\u00e9ritable destination cin\u00e9matographique maghr\u00e9bine et arabe.<\/p>\n<p class=\"c4\">Cette manifestation cin\u00e9matographique a grandi gr\u00e2ce \u00e0 la pers\u00e9v\u00e9rance, la patience et au grand travail consenti par les diff\u00e9rents partenaires, institutionnels et priv\u00e9s, mais aussi gr\u00e2ce aux passionn\u00e9s du 7\u00e8me art et aux m\u00e9dias, a ajout\u00e9 M. Sli, \u00e9galement pr\u00e9sident de l\u2019association Cin\u00e9-Maghreb.<\/p>\n<p class=\"c4\">La c\u00e9r\u00e9monie d\u2019ouverture a \u00e9t\u00e9 marqu\u00e9e notamment par la pr\u00e9sentation du jury de cette \u00e9dition et des films retenus pour la comp\u00e9tition officielle, et par l\u2019hommage rendu au com\u00e9dien Azelarab Kaghat, figure embl\u00e9matique du cin\u00e9ma marocain, et ce en reconnaissance \u00e0 son brillant parcours dans le domaine.<\/p>\n<p class=\"c4\">Fid\u00e8le \u00e0 lui-m\u00eame et \u00e0 ses valeurs de partage et de transmission, le Festival Maghr\u00e9bin du Film d\u2019Oujda a pr\u00e9vu un ensemble d\u2019ateliers, de masterclass et de webinaires avec des personnalit\u00e9s de renom, connues dans la diaspora cin\u00e9matographique du Maghreb.<\/p>\n<p class=\"c4\">En ce qui concerne la comp\u00e9tition officielle des films, 12 courts m\u00e9trages et 6 longs m\u00e9trages seront diffus\u00e9e sur la plateforme digitale du Festival (www.festivalmaghrebinfilm.ma), cr\u00e9\u00e9e sp\u00e9cialement pour cette \u00e9dition in\u00e9dite.<\/p>\n<p class=\"c4\">Les longs-m\u00e9trages en lice sont \u00abLe droit chemin\u00bb du r\u00e9alisateur alg\u00e9rien Okacha Touita, \u00abFataria\u00bb du Tunisien Walid Tayaa, \u00abPour la cause\u00bb du Marocain Hassan Benjelloun, \u00abLa cinqui\u00e8me saison\u00bb de l\u2019Alg\u00e9rien Ahmed Benkamla, \u00abLa Gu\u00e9risseuse\u00bb du Marocain Mohamed Zineddain\u00bb et \u00abVagues bris\u00e9es\u00bb du Tunisien Habib Mestiri.<\/p>\n<p class=\"c4\">Dans la cat\u00e9gorie des courts m\u00e9trages, les productions participantes sont \u00abLa fausse saison\u00bb (Alg\u00e9rie), \u00abAlone\u00bb (Tunisie), \u00abEncre ultime\u00bb (Maroc, \u00abDajjal\u00bb (Tunisie), \u00abParfum\u00bb (Maroc), \u00abJamila in the time of hirak\u00bb (Alg\u00e9rie), \u00abGhost of spacetime\u00bb (Maroc), \u00abGone and never back\u00bb (Mauritanie), \u00abAlopsy\u00bb (Maroc), \u00abCasa ma belle\u00bb (Maroc), \u00abTrue story\u00bb (Tunisie) et \u00abThe last wave\u00bb (Maroc).<\/p>\n<p class=\"c4\">Les films diffus\u00e9s lors de la premi\u00e8re soir\u00e9e de cette \u00e9dition sont \u00abEncre ultime\u00bb, \u00abAlone\u00bb, \u00abLa fausse saison\u00bb et \u00abPour la cause\u00bb.<\/p>\n<p class=\"c4\">Le jury de cette manifestation cin\u00e9matographique, organis\u00e9e par l\u2019Association Cin\u00e9 Maghreb, sera pr\u00e9sid\u00e9 par r\u00e9alisateur, sc\u00e9nariste et producteur marocain Abdeslam Kelai. Les autres membres du jury sont le r\u00e9alisateur mauritanien Sidi Mohamed Cheiguer, l\u2019actrice alg\u00e9rienne Rym Takoucht, l\u2019actrice tunisienne Aicha Ben Ahmed et le r\u00e9alisateur libyen Osama Rezg.<\/p>\n<p>Auteur: Soufiane ELAHMAR<br \/>\n<a href=\"http:\/\/www.mapoujda.ma\/fr\/coup-denvoi-du-9e-festival-maghrebin-du-film-doujda\/\">Cliquez ici pour lire l&rsquo;article depuis sa source.<\/a><\/p>\n","protected":false},"excerpt":{"rendered":"<p>La neuvi\u00e8me \u00e9dition du Festival maghr\u00e9bin du film d\u2019Oujda (FMFO) a \u00e9t\u00e9 ouverte, mercredi soir en version digitale, sous le th\u00e8me \u00abOujda, Carrefour du Cin\u00e9ma Maghr\u00e9bin\u00bb. Le Festival, qui se poursuivra jusqu\u2019au 29 novembre courant, revient cette ann\u00e9e en force, plus mobilis\u00e9 que jamais, pour honorer son rendez-vous annuel malgr\u00e9 la conjoncture actuelle li\u00e9e \u00e0 [&hellip;]<\/p>\n","protected":false},"author":1788,"featured_media":0,"comment_status":"closed","ping_status":"closed","sticky":false,"template":"","format":"standard","meta":{"fifu_image_url":"","fifu_image_alt":"","footnotes":""},"categories":[54,76],"tags":[],"class_list":["post-105827","post","type-post","status-publish","format-standard","hentry","category-maroc","category-regions"],"_links":{"self":[{"href":"https:\/\/linitiative.ca\/International\/wp-json\/wp\/v2\/posts\/105827","targetHints":{"allow":["GET"]}}],"collection":[{"href":"https:\/\/linitiative.ca\/International\/wp-json\/wp\/v2\/posts"}],"about":[{"href":"https:\/\/linitiative.ca\/International\/wp-json\/wp\/v2\/types\/post"}],"author":[{"embeddable":true,"href":"https:\/\/linitiative.ca\/International\/wp-json\/wp\/v2\/users\/1788"}],"replies":[{"embeddable":true,"href":"https:\/\/linitiative.ca\/International\/wp-json\/wp\/v2\/comments?post=105827"}],"version-history":[{"count":0,"href":"https:\/\/linitiative.ca\/International\/wp-json\/wp\/v2\/posts\/105827\/revisions"}],"wp:attachment":[{"href":"https:\/\/linitiative.ca\/International\/wp-json\/wp\/v2\/media?parent=105827"}],"wp:term":[{"taxonomy":"category","embeddable":true,"href":"https:\/\/linitiative.ca\/International\/wp-json\/wp\/v2\/categories?post=105827"},{"taxonomy":"post_tag","embeddable":true,"href":"https:\/\/linitiative.ca\/International\/wp-json\/wp\/v2\/tags?post=105827"}],"curies":[{"name":"wp","href":"https:\/\/api.w.org\/{rel}","templated":true}]}}