{"id":105834,"date":"2020-11-26T11:00:00","date_gmt":"2020-11-26T16:00:00","guid":{"rendered":"https:\/\/linitiative.ca\/International\/retour-plein-despoir-des-azerbaidjanais\/"},"modified":"2020-11-26T11:00:00","modified_gmt":"2020-11-26T16:00:00","slug":"retour-plein-despoir-des-azerbaidjanais","status":"publish","type":"post","link":"https:\/\/linitiative.ca\/International\/retour-plein-despoir-des-azerbaidjanais\/","title":{"rendered":"Retour, plein d&rsquo;espoir,  des Azerba\u00efdjanais"},"content":{"rendered":"<p class=\"p1 c3\"><span class=\"c2\">Le cessez-le-feu qui a mis fin \u00e0 six semaines de combats entre l&rsquo;Arm\u00e9nie et l&rsquo;Azerba\u00efdjan bouleverse la vie des habitants de la r\u00e9gion.<\/span><\/p>\n<p class=\"p1 c3\"><span class=\"c2\">Dans les trois districts entourant le Haut-Karabakh c\u00e9d\u00e9s \u00e0 l&rsquo;Azerba\u00efdjan, les Arm\u00e9niens qui vivaient ici depuis des d\u00e9cennies, pr\u00e9f\u00e8rent br\u00fbler leur maison, ou la d\u00e9manteler, emportant avec eux tout ce qui a de la valeur.<\/span><\/p>\n<p class=\"p1 c3\"><span class=\"c2\">\u00ab\u00a0Nous avons v\u00e9cu ici pendant 25 ans, se plaint Grigory Grigoryan r\u00e9sident de Dadivank, nous avons construit notre maison. Et maintenant, il nous est tr\u00e8s difficile de partir, de quitter ce village o\u00f9 mes enfants ont grandi et sont all\u00e9s \u00e0 l&rsquo;\u00e9cole.\u00a0\u00bb<\/span><\/p>\n<p class=\"p1 c3\"><span class=\"c2\">A la fin de la premi\u00e8re guerre en 1994, l&rsquo;exode inverse s&rsquo;\u00e9tait produit, la population azerba\u00efdjanaise fuyant ces r\u00e9gions repeupl\u00e9es ensuite par des Arm\u00e9niens. La ville de Aghdam, r\u00e9troc\u00e9d\u00e9e \u00e0 Bakou, est tellement d\u00e9truite que les Azerba\u00efdjanais l&rsquo;appellent \u00ab\u00a0l&rsquo;Hiroshima du Caucase\u00a0\u00bb. Ils accusent le r\u00e9gime arm\u00e9nien de cette situation.<\/span><\/p>\n<p class=\"p1 c3\"><span class=\"c2\">\u00ab\u00a0Vous voyez, l\u00e0-bas c&rsquo;\u00e9tait le lyc\u00e9e num\u00e9ro 1, j&rsquo;y ai \u00e9tudi\u00e9 pendant 10 ans, s&#8217;emporte Khayal Agayev, r\u00e9fugi\u00e9 d&rsquo;Aghdam. Ici c&rsquo;\u00e9tait la rue Musevi. Il n&rsquo;y a plus rien de reconnaissable ici. Personne ne peut retrouver sa rue. Voil\u00e0 \u00e0 quoi ressemblent les Arm\u00e9niens, au cas o\u00f9 vous vous demanderiez.\u00a0\u00bb<\/span><\/p>\n<p class=\"p1 c3\"><span class=\"c2\">Au milieu des ruines, s&rsquo;\u00e9l\u00e8vent les minarets de la mosqu\u00e9e d&rsquo;Aghdam. Selon les Azerba\u00efdjanais, la plus grande partie du site a \u00e9t\u00e9 d\u00e9truite sous le r\u00e9gime arm\u00e9nien. Pour la premi\u00e8re fois en 28 ans l&rsquo;appel \u00e0 la pri\u00e8re a de nouveau r\u00e9sonn\u00e9.<\/span><\/p>\n<p class=\"p1 c3\"><span class=\"c2\">De l&rsquo;autre c\u00f4t\u00e9, les Arm\u00e9niens chass\u00e9s craignent aussi que leurs lieux de culte, dont certains ont plus de huit si\u00e8cles, soient d\u00e9truits, des \u00e9glises ont \u00e9t\u00e9 bombard\u00e9es ces derni\u00e8res semaines. Bakou s&rsquo;est engag\u00e9 \u00e0 investir six milliards de dollars dans la reconstruction dans la r\u00e9gion du Haut-Karabakh.<\/span><\/p>\n<p class=\"p1 c3\"><span class=\"c2\">En France les s\u00e9nateurs votent aujourd&rsquo;hui sur un projet de r\u00e9solution afin que le gouvernement fran\u00e7ais reconnaisse le Haut-Karabakh, et r\u00e9clament une enqu\u00eate internationale sur les crimes de guerre commis dans la r\u00e9gion.<\/span><\/p>\n<p>Auteur: letemps1<br \/>\n<a href=\"http:\/\/www.letemps.com.tn\/article\/118248\/retour-plein-despoir-des-azerba%C3%AFdjanais\">Cliquez ici pour lire l&rsquo;article depuis sa source.<\/a><\/p>\n","protected":false},"excerpt":{"rendered":"<p>Le cessez-le-feu qui a mis fin \u00e0 six semaines de combats entre l&rsquo;Arm\u00e9nie et l&rsquo;Azerba\u00efdjan bouleverse la vie des habitants de la r\u00e9gion. Dans les trois districts entourant le Haut-Karabakh c\u00e9d\u00e9s \u00e0 l&rsquo;Azerba\u00efdjan, les Arm\u00e9niens qui vivaient ici depuis des d\u00e9cennies, pr\u00e9f\u00e8rent br\u00fbler leur maison, ou la d\u00e9manteler, emportant avec eux tout ce qui a [&hellip;]<\/p>\n","protected":false},"author":1773,"featured_media":0,"comment_status":"closed","ping_status":"closed","sticky":false,"template":"","format":"standard","meta":{"fifu_image_url":"","fifu_image_alt":"","footnotes":""},"categories":[73,55],"tags":[],"class_list":["post-105834","post","type-post","status-publish","format-standard","hentry","category-actualite","category-tunisie"],"_links":{"self":[{"href":"https:\/\/linitiative.ca\/International\/wp-json\/wp\/v2\/posts\/105834","targetHints":{"allow":["GET"]}}],"collection":[{"href":"https:\/\/linitiative.ca\/International\/wp-json\/wp\/v2\/posts"}],"about":[{"href":"https:\/\/linitiative.ca\/International\/wp-json\/wp\/v2\/types\/post"}],"author":[{"embeddable":true,"href":"https:\/\/linitiative.ca\/International\/wp-json\/wp\/v2\/users\/1773"}],"replies":[{"embeddable":true,"href":"https:\/\/linitiative.ca\/International\/wp-json\/wp\/v2\/comments?post=105834"}],"version-history":[{"count":0,"href":"https:\/\/linitiative.ca\/International\/wp-json\/wp\/v2\/posts\/105834\/revisions"}],"wp:attachment":[{"href":"https:\/\/linitiative.ca\/International\/wp-json\/wp\/v2\/media?parent=105834"}],"wp:term":[{"taxonomy":"category","embeddable":true,"href":"https:\/\/linitiative.ca\/International\/wp-json\/wp\/v2\/categories?post=105834"},{"taxonomy":"post_tag","embeddable":true,"href":"https:\/\/linitiative.ca\/International\/wp-json\/wp\/v2\/tags?post=105834"}],"curies":[{"name":"wp","href":"https:\/\/api.w.org\/{rel}","templated":true}]}}