{"id":105835,"date":"2020-11-26T11:00:00","date_gmt":"2020-11-26T16:00:00","guid":{"rendered":"https:\/\/linitiative.ca\/International\/des-femmes-militantes-reduites-au-silence-par-les-armes\/"},"modified":"2020-11-26T11:00:00","modified_gmt":"2020-11-26T16:00:00","slug":"des-femmes-militantes-reduites-au-silence-par-les-armes","status":"publish","type":"post","link":"https:\/\/linitiative.ca\/International\/des-femmes-militantes-reduites-au-silence-par-les-armes\/","title":{"rendered":"Des femmes militantes  r\u00e9duites au silence par les armes"},"content":{"rendered":"<p class=\"p1 c4\"><span class=\"c3\"><span class=\"c2\">L\u2019assassinat le 10 novembre d&rsquo;Hanane al-Barassi, a cr\u00e9\u00e9 un choc en Libye. L\u2019avocate engag\u00e9e a \u00e9t\u00e9 abattue dans sa voiture en plein jour \u00e0 Benghazi, dans l\u2019Est libyen. Ce n\u2019est pas le premier crime du genre. Avant elle, quatre autres militantes des droits humains ont \u00e9t\u00e9 tu\u00e9es dans un climat de totale impunit\u00e9.<\/span><\/span><\/p>\n<p class=\"p2 c5\">\u00a0<\/p>\n<p class=\"p3 c6\"><span class=\"c3\"><span class=\"c2\"><strong>Une mort programm\u00e9e<\/strong><\/span><\/span><\/p>\n<p class=\"p1 c4\"><span class=\"c3\"><span class=\"c2\">Figure m\u00e9diatique en Libye, Hanane al-Barassi, 46 ans, d\u00e9fendait haut et fort les droits des femmes. Tr\u00e8s active sur les r\u00e9seaux sociaux, elle d\u00e9non\u00e7ait les violences faites aux femmes et leur donnait souvent la parole. Cette avocate engag\u00e9e critiquait aussi la corruption qui gangr\u00e8ne son pays. La veille de sa mort, elle avait promis des r\u00e9v\u00e9lations sur le fils de Khalifa Haftar, homme fort de l\u2019Est libyen. Elle se savait menac\u00e9e et l\u2019avait dit explicitement dans une vid\u00e9o live (en direct) sur Facebook quelques minutes avant sa mort. La France, L\u2019ONU et plusieurs ONG locales et internationales, comme Human Rights Watch ou Amnesty<span class=\"Apple-converted-space\">\u00a0<\/span> ont condamn\u00e9 ce crime et demand\u00e9 que justice soit faite.<\/span><\/span><\/p>\n<p class=\"p2 c5\">\u00a0<\/p>\n<p class=\"p3 c6\"><span class=\"c3\"><span class=\"c2\"><strong>Amnesty international<\/strong><\/span><\/span><\/p>\n<p class=\"p1 c4\"><span class=\"c3\"><span class=\"c2\">Plusieurs voix de femmes activistes se sont ainsi tues en Libye. En juillet 2019, la d\u00e9put\u00e9e Siham Sergiwa a \u00e9t\u00e9 enlev\u00e9e \u00e0 son domicile \u00e0 Benghazi. Parlementaire r\u00e9put\u00e9e pour ses prises de position courageuses, elle avait critiqu\u00e9 l\u2019offensive lanc\u00e9e par le mar\u00e9chal Haftar sur Tripoli, capitale sous le contr\u00f4le du Gouvernement d&rsquo;union nationale (GNA) reconnu par les Nations unies. Aucune enqu\u00eate n\u2019a \u00e9t\u00e9 ouverte et le sort de la parlementaire reste inconnu \u00e0 ce jour.<\/span><\/span><\/p>\n<p class=\"p1 c4\"><span class=\"c3\"><span class=\"c2\">Cette banalisation de la violence inqui\u00e8te particuli\u00e8rement l\u2019association d\u2019avocats LFJL (Lawyers for justice in Libya) dirig\u00e9e par une femme. Elle rappelle que cinq militantes des droits humains ont disparu depuis 2014 parmi lesquelles, l\u2019avocate Salwa Bugaighis, la d\u00e9put\u00e9e Fariha Al-Berkawi et l\u2019activiste Entisar el Hassari.<span class=\"Apple-converted-space\">\u00a0<\/span><\/span><\/span><\/p>\n<p class=\"p2 c5\">\u00a0<\/p>\n<p class=\"p3 c6\"><span class=\"c3\"><span class=\"c2\"><strong>LFJL, Association<span class=\"Apple-converted-space\">\u00a0<\/span><\/strong><\/span><\/span><\/p>\n<p class=\"p3 c6\"><span class=\"c3\"><span class=\"c2\"><strong>d&rsquo;avocats libyens<span class=\"Apple-converted-space\">\u00a0<\/span><\/strong><\/span><\/span><\/p>\n<p class=\"p1 c4\"><span class=\"c3\"><span class=\"c2\">La Libye a sombr\u00e9 dans le chaos apr\u00e8s le renversement du r\u00e9gime de Mouammar Kadhafi en 2011. Le pays est depuis d\u00e9chir\u00e9 entre le Gouvernement d&rsquo;union nationale (GNA) bas\u00e9 dans l&rsquo;Ouest \u00e0 Tripoli, reconnu par l&rsquo;ONU, et un pouvoir incarn\u00e9 par Khalifa Haftar dans l\u2019Est.<\/span><\/span><\/p>\n<p class=\"p1 c4\"><span class=\"c3\"><span class=\"c2\">Un cessez-le-feu permanent a \u00e9t\u00e9 conclu en octobre 2020. Des repr\u00e9sentants libyens de tous bords sont en pourparlers directs, sous l&rsquo;\u00e9gide de l&rsquo;ONU, pour trouver un r\u00e8glement politique au conflit.<span class=\"Apple-converted-space\">\u00a0<\/span><\/span><\/span><\/p>\n<p>Auteur: letemps1<br \/>\n<a href=\"http:\/\/www.letemps.com.tn\/article\/118249\/des-femmes-militantes-r%C3%A9duites-au-silence-par-les-armes\">Cliquez ici pour lire l&rsquo;article depuis sa source.<\/a><\/p>\n","protected":false},"excerpt":{"rendered":"<p>L\u2019assassinat le 10 novembre d&rsquo;Hanane al-Barassi, a cr\u00e9\u00e9 un choc en Libye. L\u2019avocate engag\u00e9e a \u00e9t\u00e9 abattue dans sa voiture en plein jour \u00e0 Benghazi, dans l\u2019Est libyen. Ce n\u2019est pas le premier crime du genre. Avant elle, quatre autres militantes des droits humains ont \u00e9t\u00e9 tu\u00e9es dans un climat de totale impunit\u00e9. \u00a0 Une [&hellip;]<\/p>\n","protected":false},"author":1773,"featured_media":0,"comment_status":"closed","ping_status":"closed","sticky":false,"template":"","format":"standard","meta":{"fifu_image_url":"","fifu_image_alt":"","footnotes":""},"categories":[73,55],"tags":[],"class_list":["post-105835","post","type-post","status-publish","format-standard","hentry","category-actualite","category-tunisie"],"_links":{"self":[{"href":"https:\/\/linitiative.ca\/International\/wp-json\/wp\/v2\/posts\/105835","targetHints":{"allow":["GET"]}}],"collection":[{"href":"https:\/\/linitiative.ca\/International\/wp-json\/wp\/v2\/posts"}],"about":[{"href":"https:\/\/linitiative.ca\/International\/wp-json\/wp\/v2\/types\/post"}],"author":[{"embeddable":true,"href":"https:\/\/linitiative.ca\/International\/wp-json\/wp\/v2\/users\/1773"}],"replies":[{"embeddable":true,"href":"https:\/\/linitiative.ca\/International\/wp-json\/wp\/v2\/comments?post=105835"}],"version-history":[{"count":0,"href":"https:\/\/linitiative.ca\/International\/wp-json\/wp\/v2\/posts\/105835\/revisions"}],"wp:attachment":[{"href":"https:\/\/linitiative.ca\/International\/wp-json\/wp\/v2\/media?parent=105835"}],"wp:term":[{"taxonomy":"category","embeddable":true,"href":"https:\/\/linitiative.ca\/International\/wp-json\/wp\/v2\/categories?post=105835"},{"taxonomy":"post_tag","embeddable":true,"href":"https:\/\/linitiative.ca\/International\/wp-json\/wp\/v2\/tags?post=105835"}],"curies":[{"name":"wp","href":"https:\/\/api.w.org\/{rel}","templated":true}]}}