{"id":105836,"date":"2020-11-26T11:00:00","date_gmt":"2020-11-26T16:00:00","guid":{"rendered":"https:\/\/linitiative.ca\/International\/une-explication-au-sommet-entre-les-deux-freres-ennemis\/"},"modified":"2020-11-26T11:00:00","modified_gmt":"2020-11-26T16:00:00","slug":"une-explication-au-sommet-entre-les-deux-freres-ennemis","status":"publish","type":"post","link":"https:\/\/linitiative.ca\/International\/une-explication-au-sommet-entre-les-deux-freres-ennemis\/","title":{"rendered":"Une explication au sommet entre les deux fr\u00e8res ennemis\u00a0!"},"content":{"rendered":"<p class=\"p1 c3\"><span class=\"c2\">La finale de la Ligue des Champions africaine qui opposera\u00a0 demain le Zamalek \u00e0 Al Ahly au stade international\u00a0du Caire est une premi\u00e8re dans l\u2019histoire\u00a0de la plus prestigieuse coupe continentale au niveau des clubs puisqu\u2019elle mettra, pour la premi\u00e8re fois, aux prises deux \u00e9quipes appartenant \u00e0 un m\u00eame pays. Cette finale, comme on pourrait bien le deviner, vu la grande popularit\u00e9 de des deux grands clubs cairotes dont la supporters \u00e0 travers l\u2019\u00e9gypte se comptent par dizaines de millions, suscite une ferveur et une passion in\u00e9gal\u00e9es que nourrit et attise une rivalit\u00e9 s\u00e9culaire entre les deux fr\u00e8res ennemis,\u00a0fort perceptibles aussi bien dans les m\u00e9dias que dans les couches populaires du pays du Nil.<\/span><\/p>\n<p class=\"p1 c3\">\u00a0<\/p>\n<p class=\"p2 c4\"><span class=\"c2\"><strong>Mobilisation g\u00e9n\u00e9rale sans pr\u00e9c\u00e9dent dans les deux camps<\/strong><\/span><\/p>\n<p class=\"p1 c3\"><span class=\"c2\">Les deux camps se sont mobilis\u00e9s comme jamais auparavant pour cette grande explication entre les deux citadelles,la Blanche (Zamalek) et la Rouge (Al Ahly) comme leurs fans se plaisent \u00e0 appeler.\u00a0<\/span><\/p>\n<p class=\"p1 c3\"><span class=\"c2\">Cette mobilisation g\u00e9n\u00e9rale s\u2019est accompagn\u00e9e par des mesures draconiennes prises aussi bien par les responsables zamalkaouis\u00a0et ahlaouis dans le but de prot\u00e9ger leurs joueurs du covid 19 qui a caus\u00e9, d\u00e9j\u00e0, des d\u00e9g\u00e2ts importants au sein de l\u2019effectif des deux \u00e9quipes qui viennent de d\u00e9plorer chacune plusieurs contaminations parmi lesquels on citera notamment l\u2019axial international du Zamalek, Mohamoud Hamdi\u00a0Al Wanch, la pi\u00e8ce ma\u00eetresse\u00a0de l\u2019arri\u00e8re- garde de l\u2019\u00e9quipe, consid\u00e9r\u00e9 comme \u00e9tant, \u00e0 l\u2019heure actuelle, le meilleur d\u00e9fenseur \u00e9gyptien. C\u00f4t\u00e9 ahaloui pas moins de trois joueurs ont \u00e9t\u00e9 d\u00e9clar\u00e9s positifs.Il s\u2019agit de Mahmoud Kahraba, Salah Jomaa et Walid Suleimen.\u00a0C\u2019est pourquoi\u00a0les cadres techniques des deux protagonistes ont d\u00e9cid\u00e9 que les pr\u00e9paratifs de leur \u00e9quipe respective se d\u00e9roulent dans l\u2019isolation totale du monde ext\u00e9rieur.\u00a0\u00a0<\/span><\/p>\n<p class=\"p3 c5\">\u00a0<\/p>\n<p class=\"p4 c6\"><span class=\"c2\"><strong>M\u00e2aloul et Sassi, test\u00e9s n\u00e9gatifs<\/strong><\/span><\/p>\n<p class=\"p1 c3\"><span class=\"c2\">A leur arriv\u00e9e, avant-hier apr\u00e8s-midi au Caire,\u00e0 bord du m\u00eame courrier, les deux internationaux tunisiens Ali Maalloul,\u00a0le soci\u00e9taire d\u2019Al Ahly et Ferjani Sassi, celui du Zamalek, ont effectu\u00e9 les tests PCR qui se sont, heureusement,\u00a0 av\u00e9r\u00e9s n\u00e9gatifs. Aussi ils ont pu reprendre le lendemain (hier) les entra\u00eenements avec leurs co\u00e9quipiers.<\/span><\/p>\n<p class=\"p4 c6\"><span class=\"c2\"><strong>Deux mille spectateurs<\/strong><\/span><\/p>\n<p class=\"p1 c3\"><span class=\"c2\">Si la CAF n\u2019a pas vu d\u2019inconv\u00e9nient pour que la finale se d\u00e9roule en pr\u00e9sence du public \u00e0 la condition qu\u2019il ne d\u00e9passe pas les 10 mille spectateurs (cinq mille pour chaque club), les autorit\u00e9s s\u00e9curitaires \u00e9gyptiennes ont eu un autre avis. Elles n\u2019ont autoris\u00e9 en effet la pr\u00e9sence de deux mille spectateurs seulement, tous des invit\u00e9s. Les deux mille invitations pr\u00e9vues se r\u00e9partissent comme ainsi: 300 invitations pour chaque club, 400 autres seront mises \u00e0 la disposition de la CAF et les mille restantes seront distribu\u00e9es par le minist\u00e8re de sport \u00e9gyptien aux centres des jeunes diss\u00e9min\u00e9s\u00a0\u00e0 travers le pays.\u00a0 \u00a0<\/span><\/p>\n<p class=\"p4 c6\"><span class=\"c2\"><strong>Le Marocain Radhouane\u00a0Jyied, confirm\u00e9 arbitre de la finale<\/strong><\/span><\/p>\n<p class=\"p1 c3\"><span class=\"c2\">La CAF a d\u00e9sign\u00e9 un trio arbitral marocain pour la finale. L\u2019arbitre central est Radhouane Jyied.\u00a0Celui du VAR est le Zambien Janny Sikaswe.\u00a0Si la d\u00e9signation\u00a0de l\u2019arbitre marocain a \u00e9t\u00e9 bien accueillie par les deux finalistes, celle de Sikaswe\u00a0suscite, par contre, des appr\u00e9hensions dans les deux camps vu les ant\u00e9c\u00e9dents du Zambien.<\/span><\/p>\n<p class=\"p5 c7\"><span class=\"c2\"><strong>Ameur KERKENNI<\/strong><\/span><\/p>\n<p>Auteur: letemps1<br \/>\n<a href=\"http:\/\/www.letemps.com.tn\/article\/118250\/une-explication-au-sommet-entre-les-deux-fr%C3%A8res-ennemis%C2%A0\">Cliquez ici pour lire l&rsquo;article depuis sa source.<\/a><\/p>\n","protected":false},"excerpt":{"rendered":"<p>La finale de la Ligue des Champions africaine qui opposera\u00a0 demain le Zamalek \u00e0 Al Ahly au stade international\u00a0du Caire est une premi\u00e8re dans l\u2019histoire\u00a0de la plus prestigieuse coupe continentale au niveau des clubs puisqu\u2019elle mettra, pour la premi\u00e8re fois, aux prises deux \u00e9quipes appartenant \u00e0 un m\u00eame pays. Cette finale, comme on pourrait bien [&hellip;]<\/p>\n","protected":false},"author":1773,"featured_media":0,"comment_status":"closed","ping_status":"closed","sticky":false,"template":"","format":"standard","meta":{"fifu_image_url":"","fifu_image_alt":"","footnotes":""},"categories":[73,55],"tags":[],"class_list":["post-105836","post","type-post","status-publish","format-standard","hentry","category-actualite","category-tunisie"],"_links":{"self":[{"href":"https:\/\/linitiative.ca\/International\/wp-json\/wp\/v2\/posts\/105836","targetHints":{"allow":["GET"]}}],"collection":[{"href":"https:\/\/linitiative.ca\/International\/wp-json\/wp\/v2\/posts"}],"about":[{"href":"https:\/\/linitiative.ca\/International\/wp-json\/wp\/v2\/types\/post"}],"author":[{"embeddable":true,"href":"https:\/\/linitiative.ca\/International\/wp-json\/wp\/v2\/users\/1773"}],"replies":[{"embeddable":true,"href":"https:\/\/linitiative.ca\/International\/wp-json\/wp\/v2\/comments?post=105836"}],"version-history":[{"count":0,"href":"https:\/\/linitiative.ca\/International\/wp-json\/wp\/v2\/posts\/105836\/revisions"}],"wp:attachment":[{"href":"https:\/\/linitiative.ca\/International\/wp-json\/wp\/v2\/media?parent=105836"}],"wp:term":[{"taxonomy":"category","embeddable":true,"href":"https:\/\/linitiative.ca\/International\/wp-json\/wp\/v2\/categories?post=105836"},{"taxonomy":"post_tag","embeddable":true,"href":"https:\/\/linitiative.ca\/International\/wp-json\/wp\/v2\/tags?post=105836"}],"curies":[{"name":"wp","href":"https:\/\/api.w.org\/{rel}","templated":true}]}}