{"id":105837,"date":"2020-11-26T11:00:00","date_gmt":"2020-11-26T16:00:00","guid":{"rendered":"https:\/\/linitiative.ca\/International\/le-president-du-zamalek-mortada-mansour-persona-non-grata-pour-la-finale\/"},"modified":"2020-11-26T11:00:00","modified_gmt":"2020-11-26T16:00:00","slug":"le-president-du-zamalek-mortada-mansour-persona-non-grata-pour-la-finale","status":"publish","type":"post","link":"https:\/\/linitiative.ca\/International\/le-president-du-zamalek-mortada-mansour-persona-non-grata-pour-la-finale\/","title":{"rendered":"Le pr\u00e9sident du Zamalek, Mortada Mansour \u00abpersona non grata\u00bb pour la finale\u00a0!."},"content":{"rendered":"<p class=\"p1 c3\"><span class=\"c2\">Le pr\u00e9sident de Zamalek Mortada Mansour, ne pourra pas assister \u00e0 la finale du si\u00e8cle, qui opposera son \u00e9quipe \u00e0 Al Ahly, au stade international du Caire, pour le compte de la finale de la C1. En effet, le pr\u00e9sident Mansour a \u00e9t\u00e9 suspendu de toutes ses fonctions \u00e0 la t\u00eate du Zamalek. Du coup, le Comit\u00e9 Olympique \u00c9gyptien, a officiellement saisi la F\u00e9d\u00e9ration \u00e9gyptienne, \u00e0 ce sujet.<\/span><\/p>\n<p class=\"p1 c3\"><span class=\"c2\">Elle s\u2019est bas\u00e9e sur la d\u00e9cision d\u00e9j\u00e0 prise selon laquelle Mortada Mansour, n\u2019a plus aucune repr\u00e9sentativit\u00e9 l\u00e9gale au sein du bureau ex\u00e9cutif du Zamalek. De ce fait, il n\u2019a pas le droit d\u2019\u00eatre pr\u00e9sent au stade, lors de la finale de ce vendredi.<\/span><\/p>\n<p class=\"p1 c3\"><span class=\"c2\">Le pr\u00e9sident zamalkawi, est coupable d\u2019avoir insult\u00e9 des dirigeants sportifs, ainsi que plusieurs institutions. Mansour a aussi \u00e9cop\u00e9 d\u2019une amende de 6400 dollars et a \u00e9t\u00e9 suspendu de toute activit\u00e9 sportive pour les quatre prochaines ann\u00e9es.<\/span><\/p>\n<p>Auteur: letemps1<br \/>\n<a href=\"http:\/\/www.letemps.com.tn\/article\/118251\/le-pr%C3%A9sident-du-zamalek-mortada-mansour-%C2%ABpersona-non-grata%C2%BB-pour-la-finale%C2%A0\">Cliquez ici pour lire l&rsquo;article depuis sa source.<\/a><\/p>\n","protected":false},"excerpt":{"rendered":"<p>Le pr\u00e9sident de Zamalek Mortada Mansour, ne pourra pas assister \u00e0 la finale du si\u00e8cle, qui opposera son \u00e9quipe \u00e0 Al Ahly, au stade international du Caire, pour le compte de la finale de la C1. En effet, le pr\u00e9sident Mansour a \u00e9t\u00e9 suspendu de toutes ses fonctions \u00e0 la t\u00eate du Zamalek. Du coup, [&hellip;]<\/p>\n","protected":false},"author":1773,"featured_media":0,"comment_status":"closed","ping_status":"closed","sticky":false,"template":"","format":"standard","meta":{"fifu_image_url":"","fifu_image_alt":"","footnotes":""},"categories":[73,55],"tags":[],"class_list":["post-105837","post","type-post","status-publish","format-standard","hentry","category-actualite","category-tunisie"],"_links":{"self":[{"href":"https:\/\/linitiative.ca\/International\/wp-json\/wp\/v2\/posts\/105837","targetHints":{"allow":["GET"]}}],"collection":[{"href":"https:\/\/linitiative.ca\/International\/wp-json\/wp\/v2\/posts"}],"about":[{"href":"https:\/\/linitiative.ca\/International\/wp-json\/wp\/v2\/types\/post"}],"author":[{"embeddable":true,"href":"https:\/\/linitiative.ca\/International\/wp-json\/wp\/v2\/users\/1773"}],"replies":[{"embeddable":true,"href":"https:\/\/linitiative.ca\/International\/wp-json\/wp\/v2\/comments?post=105837"}],"version-history":[{"count":0,"href":"https:\/\/linitiative.ca\/International\/wp-json\/wp\/v2\/posts\/105837\/revisions"}],"wp:attachment":[{"href":"https:\/\/linitiative.ca\/International\/wp-json\/wp\/v2\/media?parent=105837"}],"wp:term":[{"taxonomy":"category","embeddable":true,"href":"https:\/\/linitiative.ca\/International\/wp-json\/wp\/v2\/categories?post=105837"},{"taxonomy":"post_tag","embeddable":true,"href":"https:\/\/linitiative.ca\/International\/wp-json\/wp\/v2\/tags?post=105837"}],"curies":[{"name":"wp","href":"https:\/\/api.w.org\/{rel}","templated":true}]}}