{"id":105838,"date":"2020-11-26T11:05:00","date_gmt":"2020-11-26T16:05:00","guid":{"rendered":"https:\/\/linitiative.ca\/International\/22-pays-dont-la-tunisie-confirment-leur-participation\/"},"modified":"2020-11-26T11:05:00","modified_gmt":"2020-11-26T16:05:00","slug":"22-pays-dont-la-tunisie-confirment-leur-participation","status":"publish","type":"post","link":"https:\/\/linitiative.ca\/International\/22-pays-dont-la-tunisie-confirment-leur-participation\/","title":{"rendered":"22 pays dont la Tunisie confirment leur participation"},"content":{"rendered":"<p class=\"p1 c3\"><span class=\"c2\">Le pr\u00e9sident de la F\u00e9d\u00e9ration internationale de football (Fifa), Gianni Infantino, a fait savoir que 22 pays, dont la Tunisie, se sont inscrits pour prendre part \u00e0 la Coupe arabe des nations, pr\u00e9vue au Qatar du 1er au 18 d\u00e9cembre 2021, rapporte l\u2019instance mondiale mardi soir sur son site officiel.<\/span><\/p>\n<p class=\"p1 c3\"><span class=\"c2\">\u00abNous sommes ravis que 22 \u00e9quipes du monde arabe aient accept\u00e9 de participer \u00e0 la Coupe arabe de la Fifa 2021, qui aura lieu dans les stades de la prochaine Coupe du monde, et nous sommes impatients de voir les meilleures \u00e9quipes de la r\u00e9gion s\u2019affronter pour le titre. Gr\u00e2ce au football, ce tournoi r\u00e9unira plus de 450 millions de personnes de toute la r\u00e9gion et contribuera, \u00e0 n\u2019en pas douter, \u00e0 y accro\u00eetre l\u2019enthousiasme alors que la toute premi\u00e8re Coupe du monde de la Fifa organis\u00e9e au Moyen-Orient et dans le monde arabe approche \u00e0 grands pas\u00bb, a indiqu\u00e9 le patron de la Fifa, cit\u00e9 par la m\u00eame source.<\/span><\/p>\n<p class=\"p1 c3\"><span class=\"c2\">Les 22 \u00e9quipes participantes sont : Alg\u00e9rie, Arabie saoudite, Bahre\u00efn, Comores, Djibouti, Egypte, Emirats arabes unis, Irak, Jordanie, Kowe\u00eft, Liban, Libye, Maroc, Mauritanie, Oman, Palestine, Qatar, Somalie, Soudan, Syrie, Tunisie et Y\u00e9men. Les 16 \u00e9quipes qui participeront \u00e0 la phase finale seront r\u00e9parties en quatre groupes, dont les deux premiers se qualifieront pour les quarts de finale. Au total, 32 matches se tiendront sur 18 jours.<\/span><\/p>\n<p class=\"p1 c3\"><span class=\"c2\">Infantino s\u2019exprimait lors d\u2019une visite au stade Lusa\u00efl de Doha, qui accueillera la finale de la Coupe du monde Qatar-2022. Il a notamment expliqu\u00e9 qu\u2019il s\u2019attendait \u00e0 ce que ce tournoi r\u00e9gional r\u00e9unisse des millions d\u2019amateurs de football de tout le Moyen-Orient et du monde arabe.<\/span><\/p>\n<p class=\"p1 c3\"><span class=\"c2\">De son c\u00f4t\u00e9, le pr\u00e9sident de la F\u00e9d\u00e9ration qatarie de football, cheikh Hamad bin Khalifa bin Ahmed Al Thani, a indiqu\u00e9 : \u00abLe Qatar se r\u00e9jouit d\u2019accueillir 22 s\u00e9lections arabes ainsi que leurs supporters, et de leur donner la possibilit\u00e9 de compter parmi les rares \u00e9quipes \u00e0 pouvoir faire<\/span><\/p>\n<p class=\"p2 c4\"><span class=\"c2\"><strong>L\u2019exp\u00e9rience de ce que le Qatar a pr\u00e9vu pour accueillir<span class=\"Apple-converted-space\">\u00a0<\/span><\/strong><\/span><\/p>\n<p class=\"p2 c4\"><span class=\"c2\"><strong>la Coupe du monde de la Fifa\u00bb.<\/strong><\/span><\/p>\n<p class=\"p1 c3\"><span class=\"c2\">Avant d\u2019encha\u00eener : \u00abLes supporters de toute la r\u00e9gion pourront vivre cette exp\u00e9rience inoubliable qui attend ceux qui, dans deux ans, viendront du monde entier pour la Coupe du monde. A seulement un an de ce qui sera la premi\u00e8re Coupe du monde de football organis\u00e9e dans la r\u00e9gion, nous invitons nos amis du Moyen-Orient et du monde arabe \u00e0 nous rejoindre pour cet \u00e9v\u00e9nement qui s\u2019annonce comme une \u00e9tape importante et un test grandeur nature pour nos pr\u00e9paratifs\u00bb.<\/span><\/p>\n<p class=\"p1 c3\"><span class=\"c2\">Consid\u00e9r\u00e9e comme l\u2019occasion id\u00e9ale de tester les op\u00e9rations et les installations avant<\/span><\/p>\n<p class=\"p1 c3\"><span class=\"c2\">Qatar-2022, la Coupe arabe se d\u00e9roulera dans les m\u00eames cr\u00e9neaux horaires que la Coupe du monde. Les finales des deux comp\u00e9titions auront d\u2019ailleurs lieu tr\u00e8s exactement \u00e0 un an d\u2019intervalle &#8211; le 18 d\u00e9cembre, jour de la f\u00eate nationale du Qatar.<\/span><\/p>\n<p>Auteur: letemps1<br \/>\n<a href=\"http:\/\/www.letemps.com.tn\/article\/118252\/22-pays-dont-la-tunisie-confirment-leur-participation\">Cliquez ici pour lire l&rsquo;article depuis sa source.<\/a><\/p>\n","protected":false},"excerpt":{"rendered":"<p>Le pr\u00e9sident de la F\u00e9d\u00e9ration internationale de football (Fifa), Gianni Infantino, a fait savoir que 22 pays, dont la Tunisie, se sont inscrits pour prendre part \u00e0 la Coupe arabe des nations, pr\u00e9vue au Qatar du 1er au 18 d\u00e9cembre 2021, rapporte l\u2019instance mondiale mardi soir sur son site officiel. \u00abNous sommes ravis que 22 [&hellip;]<\/p>\n","protected":false},"author":1773,"featured_media":0,"comment_status":"closed","ping_status":"closed","sticky":false,"template":"","format":"standard","meta":{"fifu_image_url":"","fifu_image_alt":"","footnotes":""},"categories":[73,55],"tags":[],"class_list":["post-105838","post","type-post","status-publish","format-standard","hentry","category-actualite","category-tunisie"],"_links":{"self":[{"href":"https:\/\/linitiative.ca\/International\/wp-json\/wp\/v2\/posts\/105838","targetHints":{"allow":["GET"]}}],"collection":[{"href":"https:\/\/linitiative.ca\/International\/wp-json\/wp\/v2\/posts"}],"about":[{"href":"https:\/\/linitiative.ca\/International\/wp-json\/wp\/v2\/types\/post"}],"author":[{"embeddable":true,"href":"https:\/\/linitiative.ca\/International\/wp-json\/wp\/v2\/users\/1773"}],"replies":[{"embeddable":true,"href":"https:\/\/linitiative.ca\/International\/wp-json\/wp\/v2\/comments?post=105838"}],"version-history":[{"count":0,"href":"https:\/\/linitiative.ca\/International\/wp-json\/wp\/v2\/posts\/105838\/revisions"}],"wp:attachment":[{"href":"https:\/\/linitiative.ca\/International\/wp-json\/wp\/v2\/media?parent=105838"}],"wp:term":[{"taxonomy":"category","embeddable":true,"href":"https:\/\/linitiative.ca\/International\/wp-json\/wp\/v2\/categories?post=105838"},{"taxonomy":"post_tag","embeddable":true,"href":"https:\/\/linitiative.ca\/International\/wp-json\/wp\/v2\/tags?post=105838"}],"curies":[{"name":"wp","href":"https:\/\/api.w.org\/{rel}","templated":true}]}}