{"id":105839,"date":"2020-11-26T15:14:12","date_gmt":"2020-11-26T20:14:12","guid":{"rendered":"https:\/\/linitiative.ca\/International\/international-argentine-maradona-son-avocat-furieux\/"},"modified":"2020-11-26T15:14:12","modified_gmt":"2020-11-26T20:14:12","slug":"international-argentine-maradona-son-avocat-furieux","status":"publish","type":"post","link":"https:\/\/linitiative.ca\/International\/international-argentine-maradona-son-avocat-furieux\/","title":{"rendered":"International : Argentine: Maradona, son avocat furieux !"},"content":{"rendered":"<div readability=\"32\">\n<p>Auteur : <span class=\"time\">jeudi 26 novembre 2020 19:20<\/span><\/p>\n<\/div>\n<div id=\"post_core\" readability=\"47\">\n<p>Mercredi, Diego Maradona est d\u00e9c\u00e9d\u00e9 \u00e0 l&rsquo;\u00e2ge de 60 ans d&rsquo;une crise cardiaque. Dans un communiqu\u00e9 officiel, l&rsquo;avocat de la l\u00e9gende du football, Mathias Orla, a r\u00e9clam\u00e9 une enqu\u00eate par rapport \u00e0 la lenteur des premiers soins administr\u00e9s au Pibe de Oro: \u00ab\u00a0Aujourd&rsquo;hui est une journ\u00e9e de profonde douleur, de tristesse et de r\u00e9flexion. Je ressens dans mon coeur le d\u00e9part de mon ami, que j&rsquo;ai honor\u00e9 de ma loyaut\u00e9 et de mon soutien jusqu&rsquo;au dernier de ses jours. Quant au rapport du bureau du procureur de San Isidro, il est inexplicable que, pendant 12 heures, mon ami n&rsquo;ait pas eu l&rsquo;attention ou le contr\u00f4le du personnel de sant\u00e9 d\u00e9di\u00e9 \u00e0 ces fins. L&rsquo;ambulance a mis plus d&rsquo;une demi-heure \u00e0 arriver, ce qui \u00e9tait une idiotie criminelle. Ce fait ne doit pas \u00eatre n\u00e9glig\u00e9 et je vais demander que l&rsquo;on enqu\u00eate jusqu&rsquo;au bout sur les cons\u00e9quences de ce retard. Comme Diego me l&rsquo;a dit : &lsquo;tu es mon soldat, agis sans piti\u00e9.'\u00a0\u00bb, peut-on lire comme rapport\u00e9 par Maxifoot.fr.<\/p>\n<p><strong>Publi\u00e9 dans :<\/strong> <span>maradona<\/span><\/p>\n<\/div>\n<p>Auteur:<br \/>\n<a href=\"http:\/\/www.lebuteur.com\/article\/detail?titre=argentine-maradona-son-avocat-furieux&#038;id=98110&#038;utm_source=feedburner&#038;utm_medium=feed&#038;utm_campaign=Feed%3A+GalerieFArtciles+%28Les+derniers+articles++-+lebuteur.com%29\">Cliquez ici pour lire l&rsquo;article depuis sa source.<\/a><\/p>\n","protected":false},"excerpt":{"rendered":"<p>Auteur : jeudi 26 novembre 2020 19:20 Mercredi, Diego Maradona est d\u00e9c\u00e9d\u00e9 \u00e0 l&rsquo;\u00e2ge de 60 ans d&rsquo;une crise cardiaque. Dans un communiqu\u00e9 officiel, l&rsquo;avocat de la l\u00e9gende du football, Mathias Orla, a r\u00e9clam\u00e9 une enqu\u00eate par rapport \u00e0 la lenteur des premiers soins administr\u00e9s au Pibe de Oro: \u00ab\u00a0Aujourd&rsquo;hui est une journ\u00e9e de profonde [&hellip;]<\/p>\n","protected":false},"author":1738,"featured_media":0,"comment_status":"closed","ping_status":"closed","sticky":false,"template":"","format":"standard","meta":{"fifu_image_url":"\/\/cdn.lebuteur.com\/data\/images\/article\/thumbs\/large-argentine-maradona-son-avocat-furieux-37d48.jpg","fifu_image_alt":"International : Argentine: Maradona, son avocat furieux !","footnotes":""},"categories":[53,75],"tags":[],"class_list":["post-105839","post","type-post","status-publish","format-standard","hentry","category-algerie","category-sport"],"_links":{"self":[{"href":"https:\/\/linitiative.ca\/International\/wp-json\/wp\/v2\/posts\/105839","targetHints":{"allow":["GET"]}}],"collection":[{"href":"https:\/\/linitiative.ca\/International\/wp-json\/wp\/v2\/posts"}],"about":[{"href":"https:\/\/linitiative.ca\/International\/wp-json\/wp\/v2\/types\/post"}],"author":[{"embeddable":true,"href":"https:\/\/linitiative.ca\/International\/wp-json\/wp\/v2\/users\/1738"}],"replies":[{"embeddable":true,"href":"https:\/\/linitiative.ca\/International\/wp-json\/wp\/v2\/comments?post=105839"}],"version-history":[{"count":0,"href":"https:\/\/linitiative.ca\/International\/wp-json\/wp\/v2\/posts\/105839\/revisions"}],"wp:attachment":[{"href":"https:\/\/linitiative.ca\/International\/wp-json\/wp\/v2\/media?parent=105839"}],"wp:term":[{"taxonomy":"category","embeddable":true,"href":"https:\/\/linitiative.ca\/International\/wp-json\/wp\/v2\/categories?post=105839"},{"taxonomy":"post_tag","embeddable":true,"href":"https:\/\/linitiative.ca\/International\/wp-json\/wp\/v2\/tags?post=105839"}],"curies":[{"name":"wp","href":"https:\/\/api.w.org\/{rel}","templated":true}]}}