{"id":105847,"date":"2020-11-26T04:56:14","date_gmt":"2020-11-26T09:56:14","guid":{"rendered":"https:\/\/linitiative.ca\/International\/non-rembourse-par-la-cnas-et-en-quantites-insuffisantes-le-vaccin-antigrippal-sous-tension\/"},"modified":"2020-11-26T04:56:14","modified_gmt":"2020-11-26T09:56:14","slug":"non-rembourse-par-la-cnas-et-en-quantites-insuffisantes-le-vaccin-antigrippal-sous-tension","status":"publish","type":"post","link":"https:\/\/linitiative.ca\/International\/non-rembourse-par-la-cnas-et-en-quantites-insuffisantes-le-vaccin-antigrippal-sous-tension\/","title":{"rendered":"Non rembours\u00e9 par la CNAS et en Quantit\u00e9s insuffisantes : Le vaccin antigrippal sous tension"},"content":{"rendered":"<h4 class=\"title-14\"\/>\n<div class=\"featured_image\"><img loading=\"lazy\" decoding=\"async\" width=\"1000\" height=\"562\" src=\"https:\/\/www.elwatan.com\/wp-content\/uploads\/2020\/11\/vaccin.jpg\" class=\"attachment-post-thumbnail size-post-thumbnail wp-post-image\" alt=\"\" srcset=\"https:\/\/www.elwatan.com\/wp-content\/uploads\/2020\/11\/vaccin.jpg 1000w, https:\/\/www.elwatan.com\/wp-content\/uploads\/2020\/11\/vaccin-300x169.jpg 300w, https:\/\/www.elwatan.com\/wp-content\/uploads\/2020\/11\/vaccin-768x432.jpg 768w\" sizes=\"auto, (max-width: 1000px) 100vw, 1000px\"\/><\/div>\n<p class=\"p3\"><span class=\"s1\"><strong>De nombreux malades chroniques et les personnes \u00e2g\u00e9es ont du mal \u00e0 se faire vacciner contre la grippe, alors que la campagne nationale de vaccination est lanc\u00e9e depuis le 3 novembre.<\/strong><\/span><\/p>\n<p class=\"p3\"><span class=\"s2\"><strong>L<\/strong><\/span><span class=\"s2\">a tension sur le vaccin antigrippal, le T\u00e9travalent, s\u2019accentue de jour en jour, que ce soit en pharmacie ou dans les \u00e9tablissements de sant\u00e9 de proximit\u00e9 (polyclinique et EPSP).<\/span><\/p>\n<p class=\"p3\"><span class=\"s2\">De nombreux malades chroniques et les personnes \u00e2g\u00e9es ont du mal \u00e0 se faire vacciner contre la grippe, alors que la campagne nationale de vaccination est lanc\u00e9e depuis le 3 novembre, avec les assurances du minist\u00e8re de la Sant\u00e9 quant \u00e0 la disponibilit\u00e9 de ce vaccin en quantit\u00e9s suffisantes.<\/span><\/p>\n<p class=\"p3\"><span class=\"s2\">Une vir\u00e9e dans certaines pharmacies de la capitale nous a permis de constater qu\u2019il y a effectivement une vive tension sur ce vaccin, devenu denr\u00e9e rare, alors qu\u2019il est recommand\u00e9 pour les malades chroniques, les personnes \u00e2g\u00e9es et les femmes enceintes.<\/span><\/p>\n<p class=\"p3\"><span class=\"s2\">\u00ab<em>A ce jour, je n\u2019ai re\u00e7u que cinq doses. Nous faisons face \u00e0 une demande importante, mais nous n\u2019avons pas suffisamment de doses.\u00a0<\/em><\/span><span class=\"s2\"><em>On ne sait plus comment faire<\/em>\u00bb, lance une pharmacienne install\u00e9e au centre-ville d\u2019Alger, qui signale que \u00ab<em>c\u2019est le cas aussi pour d\u2019autres pharmacies.\u00a0<\/em><\/span><span class=\"s2\"><em>Certaines ont pu avoir 50 doses, alors que d\u2019autres en ont re\u00e7u seulement une dizaine ou bien rien. Cela varie d\u2019une pharmacie \u00e0 une autre<\/em>\u00bb.<\/span><\/p>\n<p class=\"p3\"><span class=\"s2\">Et de s\u2019interroger sur l\u2019origine de cette indisponibilit\u00e9, en plus du probl\u00e8me de son remboursement qui n\u2019est pas encore tranch\u00e9 par la Cnas.<\/span><\/p>\n<p class=\"p3\"><span class=\"s2\">\u00ab<em>Le vaccin T\u00e9travalent (vaccin \u00e0 quatre souches) n\u2019est pas encore introduit dans la nomenclature des m\u00e9dicaments rembours\u00e9s par la cnas dans le cadre du tiers payant<\/em> (la carte Chifa)<em>. Cela pose donc un probl\u00e8me pour les pharmaciens pour servir les malades chroniques et les personnes \u00e2g\u00e9es munis d\u2019une ordonnance. Certains pharmaciens ayant commenc\u00e9 \u00e0<\/em> <em>les dispenser, d\u00e8s le d\u00e9but de la campagne de vaccination, se retrouvent aujourd\u2019hui avec des dizaines d\u2019ordonnances sur les bras qui risquent de ne pas \u00eatre rembours\u00e9es<\/em>\u00bb, a-t-elle encore expliqu\u00e9.<\/span><\/p>\n<p class=\"p3\"><span class=\"s2\">Un autre pharmacien \u00e9tabli \u00e0 Ben Aknoun affirme avoir re\u00e7u sa commande et ne cache pas sa col\u00e8re contre les caisses de la S\u00e9curit\u00e9 sociale. \u00ab<em>Nous avons eu le vaccin \u00e0 la m\u00eame p\u00e9riode comme chaque ann\u00e9e et j\u2019ai eu effectivement ma commande d\u00e8s le d\u00e9but du mois de novembre.<\/em><\/span><\/p>\n<p class=\"p3\"><span class=\"s2\"><em>J\u2019ai dispens\u00e9 le vaccin normalement aux patients qui pr\u00e9sentaient la carte Chifa et une ordonnance. Mais au bout d\u2019une semaine, on apprend que le vaccin en question n\u2019est pas rembours\u00e9, j\u2019ai arr\u00eat\u00e9 de prendre les ordonnances. Ainsi, je le vends aux personnes souhaitant se faire vacciner sans le remboursement<\/em>\u00bb, a-t-il signal\u00e9.<\/span><\/p>\n<p class=\"p3\"><span class=\"s2\">D\u2019autres pharmaciens interrog\u00e9s expliquent que les quantit\u00e9s de vaccin antigrippal distribu\u00e9es sont insuffisantes et les commandes ont \u00e9t\u00e9 r\u00e9duites de moiti\u00e9, voire plus.<\/span><\/p>\n<p class=\"p3\"><span class=\"s2\">Du c\u00f4t\u00e9 des distributeurs de m\u00e9dicaments, on signale \u00e9galement une r\u00e9duction drastique du nombre de doses livr\u00e9es par l\u2019Institut Pasteur d\u2019Alg\u00e9rie. \u00ab<em>Nous avons re\u00e7u \u00e0 ce jour un dixi\u00e8me des commandes habituelles faites aupr\u00e8s de l\u2019IPA<\/em>\u00bb, indique un distributeur.<\/span><\/p>\n<p class=\"p7\"><strong><span class=\"s1\">Les centres pris d\u2019assaut<\/span><\/strong><\/p>\n<p class=\"p7\"><span class=\"s2\">Les centres de sant\u00e9 de proximit\u00e9 sont pris d\u2019assaut par les malades chroniques et les personnes \u00e2g\u00e9es habitu\u00e9s \u00e0 avoir leur vaccin chaque ann\u00e9e. \u00ab<em>Apr\u00e8s deux heures de cha\u00eene, on me dit qu\u2019il faut revenir demain. Il n\u2019y a plus de vaccin<\/em>\u00bb, t\u00e9moigne un diab\u00e9tique rencontr\u00e9 \u00e0 proximit\u00e9 d\u2019une polyclinique \u00e0 Alger-Centre.<\/span><\/p>\n<p class=\"p7\"><span class=\"s2\">A Draria, m\u00eame topo. Un couple de personnes \u00e2g\u00e9es attend depuis deux semaines ses doses. \u00ab<em>Nous sommes venus plusieurs fois au centre de vaccination, mais on nous demande de revenir \u00e0 chaque fois, alors que notre m\u00e9decin nous recommande de le faire rapidement,<\/em> <em>vu nos<\/em> <em>maladies,<\/em> <em>mon \u00e9pouse et moi, surtout en cette p\u00e9riode de pand\u00e9mie.<\/em> <em>Au niveau de la pharmacie du quartier, c\u2019est pareil. On affirme qu\u2019ils n\u2019ont pas encore \u00e9t\u00e9 livr\u00e9s. On attend<\/em>\u00bb, lance am\u00e8rement le sexag\u00e9naire.<\/span><\/p>\n<p class=\"p6\"><span class=\"s2\">Effectivement, les responsables des centres de vaccination affirment attendre les prochaines commandes pour pouvoir vacciner ceux qui ne l\u2019 ont pas \u00e9t\u00e9.<\/span><\/p>\n<p class=\"p6\"><span class=\"s2\">Au minist\u00e8re de la Sant\u00e9, la disponibilit\u00e9 du vaccin ne pose pas probl\u00e8me. \u00ab<em>Un million de doses, sur les quantit\u00e9s import\u00e9es \u00e0 ce jour par l\u2019IPA sur l\u2019ensemble de la commande maximale de 1,8 million de doses pass\u00e9e aupr\u00e8s du laboratoire Sanofi, a \u00e9t\u00e9 distribu\u00e9 dans les structures de sant\u00e9 publiques et une autre quantit\u00e9 est livr\u00e9e aux officines.<\/em><\/span><\/p>\n<p class=\"p6\"><span class=\"s2\"><em>On ne peut pas dire qu\u2019il y a tension ou p\u00e9nurie de vaccin. La derni\u00e8re tranche de la commande sera incessamment livr\u00e9e par le fournisseur<\/em>\u00bb, signale-t-on au minist\u00e8re de la Sant\u00e9, tout en assurant que la Direction g\u00e9n\u00e9rale de la pharmacie a engag\u00e9 toutes les proc\u00e9dures n\u00e9cessaires pour l\u2019enregistrement du vaccin T\u00e9travalent import\u00e9 pour la premi\u00e8re fois en Alg\u00e9rie, dans les d\u00e9lais.<\/span><\/p>\n<p class=\"p6\"><span class=\"s2\">\u00ab<em>Il a \u00e9t\u00e9 soumis au remboursement au niveau du comit\u00e9 de remboursement intersectoriel au minist\u00e8re du Travail et de la S\u00e9curit\u00e9 sociale au d\u00e9but du mois de novembre<\/em>. <em>L\u2019arr\u00eat\u00e9 minist\u00e9riel est en cours de signature au niveau du secr\u00e9tariat g\u00e9n\u00e9ral du gouvernement<\/em>. <em>Sa publication est pr\u00e9vue dans les prochains jours\u00bb<\/em>, affirme notre source.<\/span><\/p>\n<p class=\"p6\"><span class=\"s2\">Sollicit\u00e9e pour de plus amples informations \u00e0 ce sujet, la direction de la communication au minist\u00e8re du Travail et de la S\u00e9curit\u00e9 sociale n\u2019a pas donn\u00e9 suite \u00e0 notre demande.<\/span><\/p>\n<p class=\"p6\"><span class=\"s2\">Par ailleurs, ce ministre sociale aurait demand\u00e9 une baisse du prix de la dose propos\u00e9 par l\u2019IPA pour que ce vaccin soit inscrit sur la liste des m\u00e9dicaments \u00e0 rembourser dans le cadre du tiers payant afin de maintenir l\u2019\u00e9quilibre des caisses de la S\u00e9curit\u00e9 sociale.<\/span><\/p>\n<p class=\"p6\"><span class=\"s2\">Devant le refus de la direction g\u00e9n\u00e9rale de revoir ce prix en expliquant que conform\u00e9ment aux statuts de l\u2019IPA, il n\u2019est pas permis de vendre \u00e0 perte, le probl\u00e8me reste pos\u00e9, alors que le comit\u00e9 de remboursement intersectoriel aurait accord\u00e9 le remboursement avec un tarif de r\u00e9f\u00e9rence fix\u00e9 \u00e0 1175 DA.<\/span><\/p>\n<p class=\"p6\"><span class=\"s2\">Une situation qui risque de compromettre la campagne nationale de vaccination et p\u00e9naliser les malades chroniques et les personnes \u00e2g\u00e9es. A noter que le prix de la dose est c\u00e9d\u00e9 en pharmacie \u00e0 1374,55 DA.<\/span><\/p>\n<p class=\"p6\"><span class=\"s2\">Un prix affich\u00e9 sur une vignette verte qui signifie son remboursement. La publication du d\u00e9cret au <em>Journal officiel<\/em> est attendue dans les prochains jours et la question du remboursement sera d\u00e9finitivement tranch\u00e9e.\u00a0<\/span><\/p>\n<p><span class=\"post-views-label\">Post Views:<\/span> <span class=\"post-views-count\">818<\/span><\/p>\n<div class=\"ichhar-moneytagnative c5\" id=\"ichhar-244295130\">\n<p>Advertisements<\/p>\n<\/div>\n<p><br class=\"c2\"\/><br class=\"c6\"\/><\/p>\n<p>Auteur: Anis Khecheba<br \/>\n<a href=\"https:\/\/www.elwatan.com\/edition\/actualite\/le-vaccin-antigrippal-sous-tension-26-11-2020\">Cliquez ici pour lire l&rsquo;article depuis sa source.<\/a><\/p>\n","protected":false},"excerpt":{"rendered":"<p>De nombreux malades chroniques et les personnes \u00e2g\u00e9es ont du mal \u00e0 se faire vacciner contre la grippe, alors que la campagne nationale de vaccination est lanc\u00e9e depuis le 3 novembre. La tension sur le vaccin antigrippal, le T\u00e9travalent, s\u2019accentue de jour en jour, que ce soit en pharmacie ou dans les \u00e9tablissements de sant\u00e9 [&hellip;]<\/p>\n","protected":false},"author":1743,"featured_media":0,"comment_status":"closed","ping_status":"closed","sticky":false,"template":"","format":"standard","meta":{"fifu_image_url":"https:\/\/www.elwatan.com\/wp-content\/uploads\/2020\/11\/vaccin.jpg","fifu_image_alt":"Non rembours\u00e9 par la CNAS et en Quantit\u00e9s insuffisantes : Le vaccin antigrippal sous tension","footnotes":""},"categories":[73,53],"tags":[],"class_list":["post-105847","post","type-post","status-publish","format-standard","hentry","category-actualite","category-algerie"],"_links":{"self":[{"href":"https:\/\/linitiative.ca\/International\/wp-json\/wp\/v2\/posts\/105847","targetHints":{"allow":["GET"]}}],"collection":[{"href":"https:\/\/linitiative.ca\/International\/wp-json\/wp\/v2\/posts"}],"about":[{"href":"https:\/\/linitiative.ca\/International\/wp-json\/wp\/v2\/types\/post"}],"author":[{"embeddable":true,"href":"https:\/\/linitiative.ca\/International\/wp-json\/wp\/v2\/users\/1743"}],"replies":[{"embeddable":true,"href":"https:\/\/linitiative.ca\/International\/wp-json\/wp\/v2\/comments?post=105847"}],"version-history":[{"count":0,"href":"https:\/\/linitiative.ca\/International\/wp-json\/wp\/v2\/posts\/105847\/revisions"}],"wp:attachment":[{"href":"https:\/\/linitiative.ca\/International\/wp-json\/wp\/v2\/media?parent=105847"}],"wp:term":[{"taxonomy":"category","embeddable":true,"href":"https:\/\/linitiative.ca\/International\/wp-json\/wp\/v2\/categories?post=105847"},{"taxonomy":"post_tag","embeddable":true,"href":"https:\/\/linitiative.ca\/International\/wp-json\/wp\/v2\/tags?post=105847"}],"curies":[{"name":"wp","href":"https:\/\/api.w.org\/{rel}","templated":true}]}}