{"id":105848,"date":"2020-11-26T04:58:08","date_gmt":"2020-11-26T09:58:08","guid":{"rendered":"https:\/\/linitiative.ca\/International\/malgre-lextinction-des-accusations-liees-a-la-religion-yacine-mebarki-reste-en-prison\/"},"modified":"2020-11-26T04:58:08","modified_gmt":"2020-11-26T09:58:08","slug":"malgre-lextinction-des-accusations-liees-a-la-religion-yacine-mebarki-reste-en-prison","status":"publish","type":"post","link":"https:\/\/linitiative.ca\/International\/malgre-lextinction-des-accusations-liees-a-la-religion-yacine-mebarki-reste-en-prison\/","title":{"rendered":"Malgr\u00e9 l\u2019extinction des accusations li\u00e9es \u00e0 la religion : Yacine Mebarki reste en prison"},"content":{"rendered":"<h4 class=\"title-14\"\/>\n<div class=\"featured_image\"><img loading=\"lazy\" decoding=\"async\" width=\"1000\" height=\"563\" src=\"https:\/\/www.elwatan.com\/wp-content\/uploads\/2020\/11\/Sans-titre-7-1.jpg\" class=\"attachment-post-thumbnail size-post-thumbnail wp-post-image\" alt=\"\" srcset=\"https:\/\/www.elwatan.com\/wp-content\/uploads\/2020\/11\/Sans-titre-7-1.jpg 1000w, https:\/\/www.elwatan.com\/wp-content\/uploads\/2020\/11\/Sans-titre-7-1-300x169.jpg 300w, https:\/\/www.elwatan.com\/wp-content\/uploads\/2020\/11\/Sans-titre-7-1-768x432.jpg 768w\" sizes=\"auto, (max-width: 1000px) 100vw, 1000px\"\/><\/div>\n<p class=\"p4\"><span class=\"s3\"><strong>Yacine Mebarki, jug\u00e9 le 8 octobre dernier en comparution imm\u00e9diate par le tribunal de Khenchela, avait \u00e9t\u00e9 condamn\u00e9 \u00e0 une peine d\u2019emprisonnement de 10 ans assortie d\u2019une amende de 10 millions de dinars, pour six chefs d\u2019inculpation.<\/strong><\/span><\/p>\n<p class=\"p4\"><span class=\"s4\"><strong>Y<\/strong><\/span><span class=\"s4\">acine Mebarki n\u2019a pas retrouv\u00e9 les siens hier. Les espoirs des avocats de la d\u00e9fense, de sa famille et de toute l\u2019opinion alg\u00e9rienne scandalis\u00e9e par son proc\u00e8s se sont \u00e9vanouis \u00e0 l\u2019annonce du verdict par la cour de Khenchela.<\/span><\/p>\n<p class=\"p4\"><span class=\"s4\">Le militant progressiste a \u00e9cop\u00e9 hier d\u2019une ann\u00e9e de prison ferme et une amende de 50\u00a0000\u00a0Da, un verdict prononc\u00e9 en d\u00e9but d\u2019audience en pr\u00e9sence d\u2019un dispositif s\u00e9curitaire important.<\/span><\/p>\n<p class=\"p4\"><span class=\"s4\">Certes, nous sommes pass\u00e9s de la peine maximale prononc\u00e9e par le tribunal de premi\u00e8re instance \u00e0 la peine minimale dans ce proc\u00e8s de la libert\u00e9 de conscience, mais il a tout de m\u00eame \u00e9t\u00e9 reconnu coupable.<\/span><\/p>\n<p class=\"p4\"><span class=\"s4\">Yacine Mebarki, jug\u00e9 le 8 octobre dernier en comparution imm\u00e9diate par le tribunal de Khenchela, avait \u00e9t\u00e9 condamn\u00e9 \u00e0 une peine d\u2019emprisonnement de 10 ans assortie d\u2019une amende de 10 millions de dinars, pour six chefs d\u2019inculpation.<\/span><\/p>\n<p class=\"p7\"><span class=\"s4\">Hier, la cour a annul\u00e9 trois des chefs d\u2019inculpation, \u00e0 savoir\u00a0: \u00abprofanation du Livre saint\u00bb, \u00abutilisation de moyens de s\u00e9duction tendant \u00e0 convertir un musulman \u00e0 une autre religion\u00bb et \u00abdistribution de documents imprim\u00e9s ou m\u00e9trages audiovisuels ou par tout autre support ou moyen qui visent \u00e0 \u00e9branler la foi d\u2019un musulman\u00bb (article 11 de l\u2019ordonnance n\u00b006-03 du 28 f\u00e9vrier 2006 fixant les conditions et r\u00e8gles d\u2019exercice des cultes autres que musulmans).<\/span><\/p>\n<p class=\"p7\"><span class=\"s4\">Le juge a donc retenu les accusations d\u2019\u00abincitation \u00e0 la haine\u00bb, \u00abd\u00e9nigrement du dogme ou des pr\u00e9ceptes de l\u2019islam\u00bb\u00a0et \u00abd\u00e9tention de munitions de guerre de premi\u00e8re cat\u00e9gorie\u00bb. Interrog\u00e9 par <em>El Watan<\/em>, l\u2019un des avocats de la d\u00e9fense, M<sup>e<\/sup> Hachem Sassi, a estim\u00e9 que c\u2019est la requalification du premier chef d\u2019inculpation qui a d\u00e9termin\u00e9 le jugement.<\/span><\/p>\n<p class=\"p7\"><span class=\"s4\">Au lieu d\u2019\u00eatre jug\u00e9 sur la base de l\u2019article 34 de la loi 20\/05 relative \u00e0 la pr\u00e9vention et \u00e0 la lutte contre la discrimination et le discours de haine, qui pr\u00e9voit des peines de 5 \u00e0 10 ans, Mebarki a \u00e9t\u00e9 jug\u00e9 sur la base de l\u2019article 295 bis qui pr\u00e9voit des peines entre un et cinq ans d\u2019emprisonnement. Voil\u00e0 ce qui explique, selon lui, la r\u00e9duction de la peine de 10 \u00e0 un an d\u2019emprisonnement.<\/span><\/p>\n<p class=\"p7\"><strong><span class=\"s4\">Proc\u00e8s de la libert\u00e9 de conscience<\/span><\/strong><\/p>\n<p class=\"p7\"><span class=\"s4\">Cette affaire, qui a retenti au-del\u00e0 de nos fronti\u00e8res et soulev\u00e9 une vague d\u2019indignation et de mobilisation, a pos\u00e9 d\u2019abord le probl\u00e8me de l\u2019absence de neutralit\u00e9 de la part des agents repr\u00e9sentant des institutions de la s\u00e9curit\u00e9 et de la justice s\u2019agissant des questions li\u00e9es \u00e0 la religion.<\/span><\/p>\n<p class=\"p7\"><span class=\"s4\">Devant les juges, Yacine Mebarki n\u2019a eu de cesse pourtant de nier l\u2019ath\u00e9isme qu\u2019on lui colle et de revendiquer une conception et une pratique de la religion qui s\u2019opposent \u00e0 l\u2019extr\u00e9misme islamiste.<\/span><\/p>\n<p class=\"p7\"><span class=\"s4\"><em>\u00abCette sentence n\u2019est pas juste, parce que je consid\u00e8re que l\u2019acquittement est le seul verdict acceptable par rapport \u00e0 des chefs d\u2019inculpation qui ne le sont pas vraiment\u00bb<\/em>, nous d\u00e9clarait l\u2019universitaire et militant Adel Abderrazak, pr\u00e9sent hier devant la cour en signe de solidarit\u00e9 avec Mebarki.<\/span><\/p>\n<p class=\"p7\"><span class=\"s4\">Mais dans le contexte actuel de r\u00e9gression des libert\u00e9s et de r\u00e9vision de la Loi fondamentale, officiellement venue satisfaire les revendications d\u00e9mocratiques du hirak, le proc\u00e8s de Khenchela est devenu celui de la libert\u00e9 de conscience. Du coup, les textes de loi encadrant le fait religieux s\u2019av\u00e8rent discutables.<\/span><\/p>\n<p class=\"p7\"><span class=\"s4\">Interrog\u00e9 par <em>El Watan<\/em>, M<sup>e<\/sup> Hachem Sassi, avocat de la d\u00e9fense, souligne la probl\u00e9matique\u00a0: <em>\u00abL\u2019affaire est complexe, parce que c\u2019est l\u2019existence m\u00eame de ces textes qui pose probl\u00e8me. Quoi qu\u2019il pense, le juge ne peut pas ignorer l\u2019article relatif au \u2018\u2018d\u00e9nigrement du dogme ou des pr\u00e9ceptes de l\u2019islam\u2019\u2019.<\/em><\/span><\/p>\n<p class=\"p7\"><span class=\"s4\"><em>Ce type de textes vagues qui touchent au religieux ou au politique, notamment l\u2019atteinte \u00e0 l\u2019unit\u00e9 nationale, posent de s\u00e9rieux probl\u00e8mes en plus du fait qu\u2019ils limitent les libert\u00e9s, en contradiction avec les principes \u00e9dict\u00e9s par la Constitution. La soci\u00e9t\u00e9 alg\u00e9rienne qui op\u00e8re sa transition d\u00e9mocratique doit se pencher sur ces lois, les fouiller dans le d\u00e9tail et faire de leur r\u00e9vision une priorit\u00e9.\u00bb<\/em><\/span><\/p>\n<p class=\"p7\"><span class=\"s4\">Mebarki a donc \u00e9t\u00e9 jug\u00e9 dans les limites des lois, mais la d\u00e9fense n\u2019exclut pas la poursuite des efforts pour le faire acquitter. Idem pour ses amis.<\/span><\/p>\n<p class=\"p7\"><span class=\"s4\"><em>\u00abNous consid\u00e9rons que c\u2019est une premi\u00e8re victoire pour sa famille et tous les Alg\u00e9riens qui se sont solidaris\u00e9s avec lui, notamment ceux pr\u00e9sents aujourd\u2019hui devant le tribunal, et nous allons continuer \u00e0 nous battre et faire conna\u00eetre le cas de Yacine Mebarki pour mobiliser un maximum de personnes et qu\u2019on puisse obtenir son acquittement d\u00e9finitif\u00bb<\/em>, a ajout\u00e9 Adel Abderrazak.<\/span><\/p>\n<p><span class=\"post-views-label\">Post Views:<\/span> <span class=\"post-views-count\">511<\/span><\/p>\n<div class=\"ichhar-moneytagnative c5\" id=\"ichhar-1591025382\">\n<p>Advertisements<\/p>\n<\/div>\n<p><br class=\"c2\"\/><br class=\"c6\"\/><\/p>\n<p>Auteur: Anis Khecheba<br \/>\n<a href=\"https:\/\/www.elwatan.com\/edition\/actualite\/yacine-mebarki-reste-en-prison-26-11-2020\">Cliquez ici pour lire l&rsquo;article depuis sa source.<\/a><\/p>\n","protected":false},"excerpt":{"rendered":"<p>Yacine Mebarki, jug\u00e9 le 8 octobre dernier en comparution imm\u00e9diate par le tribunal de Khenchela, avait \u00e9t\u00e9 condamn\u00e9 \u00e0 une peine d\u2019emprisonnement de 10 ans assortie d\u2019une amende de 10 millions de dinars, pour six chefs d\u2019inculpation. Yacine Mebarki n\u2019a pas retrouv\u00e9 les siens hier. Les espoirs des avocats de la d\u00e9fense, de sa famille [&hellip;]<\/p>\n","protected":false},"author":1743,"featured_media":0,"comment_status":"closed","ping_status":"closed","sticky":false,"template":"","format":"standard","meta":{"fifu_image_url":"https:\/\/www.elwatan.com\/wp-content\/uploads\/2020\/11\/Sans-titre-7-1.jpg","fifu_image_alt":"Malgr\u00e9 l\u2019extinction des accusations li\u00e9es \u00e0 la religion : Yacine Mebarki reste en prison","footnotes":""},"categories":[73,53],"tags":[],"class_list":["post-105848","post","type-post","status-publish","format-standard","hentry","category-actualite","category-algerie"],"_links":{"self":[{"href":"https:\/\/linitiative.ca\/International\/wp-json\/wp\/v2\/posts\/105848","targetHints":{"allow":["GET"]}}],"collection":[{"href":"https:\/\/linitiative.ca\/International\/wp-json\/wp\/v2\/posts"}],"about":[{"href":"https:\/\/linitiative.ca\/International\/wp-json\/wp\/v2\/types\/post"}],"author":[{"embeddable":true,"href":"https:\/\/linitiative.ca\/International\/wp-json\/wp\/v2\/users\/1743"}],"replies":[{"embeddable":true,"href":"https:\/\/linitiative.ca\/International\/wp-json\/wp\/v2\/comments?post=105848"}],"version-history":[{"count":0,"href":"https:\/\/linitiative.ca\/International\/wp-json\/wp\/v2\/posts\/105848\/revisions"}],"wp:attachment":[{"href":"https:\/\/linitiative.ca\/International\/wp-json\/wp\/v2\/media?parent=105848"}],"wp:term":[{"taxonomy":"category","embeddable":true,"href":"https:\/\/linitiative.ca\/International\/wp-json\/wp\/v2\/categories?post=105848"},{"taxonomy":"post_tag","embeddable":true,"href":"https:\/\/linitiative.ca\/International\/wp-json\/wp\/v2\/tags?post=105848"}],"curies":[{"name":"wp","href":"https:\/\/api.w.org\/{rel}","templated":true}]}}