{"id":105849,"date":"2020-11-26T05:00:13","date_gmt":"2020-11-26T10:00:13","guid":{"rendered":"https:\/\/linitiative.ca\/International\/communication-officielle-sur-la-maladie-du-president-le-vide-qui-alimente-les-rumeurs\/"},"modified":"2020-11-26T05:00:13","modified_gmt":"2020-11-26T10:00:13","slug":"communication-officielle-sur-la-maladie-du-president-le-vide-qui-alimente-les-rumeurs","status":"publish","type":"post","link":"https:\/\/linitiative.ca\/International\/communication-officielle-sur-la-maladie-du-president-le-vide-qui-alimente-les-rumeurs\/","title":{"rendered":"Communication officielle sur la maladie du pr\u00e9sident : Le vide qui alimente les rumeurs"},"content":{"rendered":"<h4 class=\"title-14\"\/>\n<div class=\"featured_image\"><img loading=\"lazy\" decoding=\"async\" width=\"2000\" height=\"834\" src=\"https:\/\/www.elwatan.com\/wp-content\/uploads\/2020\/11\/UNEEEEEEEEE-2.jpg\" class=\"attachment-post-thumbnail size-post-thumbnail wp-post-image\" alt=\"\" srcset=\"https:\/\/www.elwatan.com\/wp-content\/uploads\/2020\/11\/UNEEEEEEEEE-2.jpg 2000w, https:\/\/www.elwatan.com\/wp-content\/uploads\/2020\/11\/UNEEEEEEEEE-2-300x125.jpg 300w, https:\/\/www.elwatan.com\/wp-content\/uploads\/2020\/11\/UNEEEEEEEEE-2-768x320.jpg 768w, https:\/\/www.elwatan.com\/wp-content\/uploads\/2020\/11\/UNEEEEEEEEE-2-1024x427.jpg 1024w, https:\/\/www.elwatan.com\/wp-content\/uploads\/2020\/11\/UNEEEEEEEEE-2-1320x550.jpg 1320w\" sizes=\"auto, (max-width: 2000px) 100vw, 2000px\"\/><\/div>\n<p class=\"p1\"><span class=\"s1\"><strong>Le pr\u00e9sident Tebboune est hospitalis\u00e9 depuis un mois en Allemagne sans que l\u2019on ne connaisse ni le lieu exact de son hospitalisation ni la gravit\u00e9 de sa maladie.\u00a0<\/strong><\/span><span class=\"s1\"><strong>Les quelques rares communiqu\u00e9s laconiques des services de la Pr\u00e9sidence informent peu sur son \u00e9tat de sant\u00e9, ce qui donne libre cours aux rumeurs les plus folles sur les r\u00e9seaux sociaux.\u00a0<\/strong><\/span><span class=\"s1\"><strong>Face au vide communicationnel, un site web s\u2019est m\u00eame permis d\u2019annoncer\u2026 le d\u00e9c\u00e8s du pr\u00e9sident Tebboune.\u00a0<\/strong><\/span><span class=\"s1\"><strong>Le manque d\u2019informations sur l\u2019\u00e9volution de l\u2019\u00e9tat de sant\u00e9 du Pr\u00e9sident suscite des inqui\u00e9tudes l\u00e9gitimes chez de nombreux Alg\u00e9riens qui se trouvent, malgr\u00e9 eux, \u00e0 la merci des m\u00e9dias \u00e9trangers qui pourraient faire preuve d\u2019un traitement tendancieux de l\u2019information.<\/strong><\/span><\/p>\n<p class=\"p1\"><strong>A<\/strong><span class=\"s1\">bdelhafidh Allahoum parle et la Toile s\u2019enflamme\u00a0! Le conseiller en charge des Relations \u00e9trang\u00e8res \u00e0 la pr\u00e9sidence de la R\u00e9publique s\u2019exprime dans un m\u00e9dia \u00e9tranger non pas pour livrer le point de vue de l\u2019Alg\u00e9rie sur des questions g\u00e9opolitiques, mais pour parler de l\u2019\u00e9tat de sant\u00e9 du pr\u00e9sident Tebboune.<\/span><\/p>\n<p class=\"p4\"><span class=\"s1\">Ses d\u00e9clarations \u00e0 Russia Today interviennent dans un contexte o\u00f9 les Alg\u00e9riens sont \u00e0 l\u2019aff\u00fbt de la moindre information sur l\u2019\u00e9tat de sant\u00e9 du pr\u00e9sident Tebboune toujours hospitalis\u00e9 en Allemagne.<\/span><\/p>\n<p class=\"p4\"><span class=\"s1\">Le choix d\u2019un m\u00e9dia \u00e9tranger pour parler d\u2019une question qui concerne en premier lieu les Alg\u00e9riens suscite de vives critiques, notamment sur les r\u00e9seaux sociaux.<\/span><\/p>\n<p class=\"p4\"><span class=\"s1\">Pourtant, font remarquer certains internautes, l\u2019Alg\u00e9rie ne manque pas de m\u00e9dias, que ce soit audiovisuels, radiophoniques, \u00e9lectroniques ou presse \u00e9crite.<\/span><\/p>\n<p class=\"p4\"><span class=\"s1\">Aussi, soulignent-ils, la pr\u00e9sidence de la R\u00e9publique aurait pu communiquer \u00e0 travers sa page Facebook certifi\u00e9e, un support qu\u2019elle a choisi d\u00e8s le d\u00e9part pour annoncer l\u2019hospitalisation du chef de l\u2019Etat.<\/span><\/p>\n<p class=\"p4\"><span class=\"s1\">Mais ce qui semble avoir le plus choqu\u00e9 les internautes, c\u2019est le fait que ce conseiller dit tenir l\u2019information qu\u2019il communiquait sur l\u2019\u00e9tat de sant\u00e9 du pr\u00e9sident de la R\u00e9publique non pas de \u00abl\u2019\u00e9quipe m\u00e9dicale qui l\u2019accompagne\u00bb, mais plut\u00f4t du fils du Pr\u00e9sident.<\/span><\/p>\n<p class=\"p4\"><span class=\"s1\"><em>\u00abL\u2019information sur l\u2019\u00e9tat de sant\u00e9 du Pr\u00e9sident est une affaire des institutions de la R\u00e9publique qui doivent l\u2019obtenir directement du staff m\u00e9dical sans passer par une tierce personne, fusse-t-elle le fils de celui-ci\u00bb<\/em>, \u00e9crit un internaute pour lequel la maladresse de ce conseiller ne fait qu\u2019illustrer les d\u00e9faillances de la communication officielle, qui alimentent les rumeurs de tous genres et qui exposent les Alg\u00e9riens aux manipulations malveillantes de l\u2019information.<\/span><\/p>\n<p class=\"p4\"><span class=\"s1\">Le manque d\u2019informations sur l\u2019\u00e9volution de l\u2019\u00e9tat de sant\u00e9 du Pr\u00e9sident suscite ainsi des inqui\u00e9tudes l\u00e9gitimes chez de nombreux Alg\u00e9riens qui se trouvent, malgr\u00e9 eux, \u00e0 la merci des m\u00e9dias \u00e9trangers qui pourraient faire preuve d\u2019un traitement tendancieux de l\u2019information.<\/span><\/p>\n<p class=\"p4\"><span class=\"s1\">D\u2019ailleurs, un site \u00e9tranger bas\u00e9 au S\u00e9n\u00e9gal et connu pour \u00eatre proche du pouvoir marocain a fait circuler une rumeur sur le d\u00e9c\u00e8s du pr\u00e9sident Tebboune. Une rumeur qui a sem\u00e9 la confusion et aggrav\u00e9 l\u2019inqui\u00e9tude des Alg\u00e9riens.<\/span><\/p>\n<p class=\"p4\"><span class=\"s1\">La derni\u00e8re apparition m\u00e9diatique du pr\u00e9sident Tebboune remonte au 15 octobre, lorsqu\u2019il a re\u00e7u le ministre fran\u00e7ais des Affaires \u00e9trang\u00e8res.<\/span><\/p>\n<p class=\"p4\"><span class=\"s1\">Le Conseil des ministres qu\u2019il devait tenir le 18 octobre a \u00e9t\u00e9 report\u00e9. Un communiqu\u00e9 de la pr\u00e9sidence de la R\u00e9publique post\u00e9 le jour m\u00eame sur sa page Facebook expliquait ce report par des contraintes techniques et par la surcharge de l\u2019agenda du chef de l\u2019Etat.<\/span><\/p>\n<p class=\"p4\"><span class=\"s1\">Le 24 octobre, le pr\u00e9sident Tebboune annon\u00e7ait sur son compte Twitter qu\u2019il s\u2019est confin\u00e9 volontairement et sur recommandation de ses m\u00e9decins apr\u00e8s la contamination par le coronavirus de plusieurs hauts cadres de la Pr\u00e9sidence.<\/span><\/p>\n<p class=\"p4\"><span class=\"s1\">Le 27 octobre, trois jours apr\u00e8s, la pr\u00e9sidence de la R\u00e9publique annonce son transfert \u00e0 l\u2019h\u00f4pital militaire de A\u00efn Na\u00e2dja sur recommandation de ses m\u00e9decins, pr\u00e9cisant que son \u00e9tat de sant\u00e9 est stable et non inqui\u00e9tant, sans dire pour autant s\u2019il est atteint de la Covid-19 ou pas.<\/span><\/p>\n<p class=\"p4\"><span class=\"s1\">Le 28 du m\u00eame mois, la m\u00eame institution annonce le transfert du pr\u00e9sident Tebboune vers un h\u00f4pital sp\u00e9cialis\u00e9 en Allemagne, pour <em>\u00abdes examens approfondis\u00bb<\/em>.<\/span><\/p>\n<p class=\"p4\"><span class=\"s1\">Le 29 octobre, soit le lendemain de son transfert en Allemagne, la Pr\u00e9sidence, toujours \u00e0 travers sa page Facebook, affirme que les r\u00e9sultats des examens m\u00e9dicaux sont rassurants et que le Pr\u00e9sident entame son traitement et se trouve dans un \u00e9tat stable.<\/span><\/p>\n<p class=\"p4\"><span class=\"s1\">Le 3 novembre, soit une semaine apr\u00e8s son hospitalisation, la pr\u00e9sidence de la R\u00e9publique annonce qu\u2019il est atteint de la Covid-19. Le 8 novembre, la Pr\u00e9sidence, toujours via Facebook, affirme qu\u2019il est sur le point de terminer son traitement et que son \u00e9tat de sant\u00e9 s\u2019am\u00e9liore.<\/span><\/p>\n<p class=\"p4\"><span class=\"s1\">Le dernier communiqu\u00e9 officiel sur l\u2019\u00e9tat de sant\u00e9 du pr\u00e9sident Tebboune remonte au 15 novembre. Il indiquait la fin du traitement suivi par le chef de l\u2019Etat, sans fournir plus d\u2019informations. Cette communication par le biais de communiqu\u00e9s laconiques a d\u00e9montr\u00e9 ses limites.<\/span><\/p>\n<p class=\"p4\"><span class=\"s1\">L\u2019absence d\u2019images du pr\u00e9sident Tebboune \u00e0 l\u2019h\u00f4pital et le silence de son staff m\u00e9dical, qui ne s\u2019est pas exprim\u00e9 publiquement sur l\u2019\u00e9volution de son \u00e9tat de sant\u00e9, ont ouvert la voie aux supputations les plus folles. La pr\u00e9sidence de la R\u00e9publique, faut-il le souligner, dispose d\u2019un porte-parole cens\u00e9 intervenir publiquement, dans de telles situations, pour rassurer les Alg\u00e9riens.<\/span><\/p>\n<p class=\"p4\"><span class=\"s1\">Mais il se trouve que ce porte-parole est \u00e9galement hospitalis\u00e9 en France apr\u00e8s avoir eu un AVC. Cela ne suffit pas cependant pour expliquer ce manque de communication sur un sujet aussi crucial que celui de la sant\u00e9 du Pr\u00e9sident.<\/span><\/p>\n<p class=\"p4\"><span class=\"s1\">Si les circuits officiels de la communication ont bien fonctionn\u00e9, il n\u2019y aurait assur\u00e9ment pas eu autant d\u2019inqui\u00e9tudes, de craintes et de doutes sur la sant\u00e9 du pr\u00e9sident de la R\u00e9publique. L\u2019Ex\u00e9cutif aurait m\u00eame pu pr\u00e9venir la propagation des rumeurs et mettre en \u00e9chec toutes les tentatives de manipulation de l\u2019information.<\/span><\/p>\n<p><span class=\"post-views-label\">Post Views:<\/span> <span class=\"post-views-count\">4\u00a0604<\/span><\/p>\n<div class=\"ichhar-moneytagnative c5\" id=\"ichhar-637947991\">\n<p>Advertisements<\/p>\n<\/div>\n<p><br class=\"c2\"\/><br class=\"c6\"\/><\/p>\n<p>Auteur: Anis Khecheba<br \/>\n<a href=\"https:\/\/www.elwatan.com\/edition\/actualite\/le-vide-qui-alimente-les-rumeurs-26-11-2020\">Cliquez ici pour lire l&rsquo;article depuis sa source.<\/a><\/p>\n","protected":false},"excerpt":{"rendered":"<p>Le pr\u00e9sident Tebboune est hospitalis\u00e9 depuis un mois en Allemagne sans que l\u2019on ne connaisse ni le lieu exact de son hospitalisation ni la gravit\u00e9 de sa maladie.\u00a0Les quelques rares communiqu\u00e9s laconiques des services de la Pr\u00e9sidence informent peu sur son \u00e9tat de sant\u00e9, ce qui donne libre cours aux rumeurs les plus folles sur [&hellip;]<\/p>\n","protected":false},"author":1743,"featured_media":0,"comment_status":"closed","ping_status":"closed","sticky":false,"template":"","format":"standard","meta":{"fifu_image_url":"https:\/\/www.elwatan.com\/wp-content\/uploads\/2020\/11\/UNEEEEEEEEE-2.jpg","fifu_image_alt":"Communication officielle sur la maladie du pr\u00e9sident : Le vide qui alimente les rumeurs","footnotes":""},"categories":[73,53],"tags":[],"class_list":["post-105849","post","type-post","status-publish","format-standard","hentry","category-actualite","category-algerie"],"_links":{"self":[{"href":"https:\/\/linitiative.ca\/International\/wp-json\/wp\/v2\/posts\/105849","targetHints":{"allow":["GET"]}}],"collection":[{"href":"https:\/\/linitiative.ca\/International\/wp-json\/wp\/v2\/posts"}],"about":[{"href":"https:\/\/linitiative.ca\/International\/wp-json\/wp\/v2\/types\/post"}],"author":[{"embeddable":true,"href":"https:\/\/linitiative.ca\/International\/wp-json\/wp\/v2\/users\/1743"}],"replies":[{"embeddable":true,"href":"https:\/\/linitiative.ca\/International\/wp-json\/wp\/v2\/comments?post=105849"}],"version-history":[{"count":0,"href":"https:\/\/linitiative.ca\/International\/wp-json\/wp\/v2\/posts\/105849\/revisions"}],"wp:attachment":[{"href":"https:\/\/linitiative.ca\/International\/wp-json\/wp\/v2\/media?parent=105849"}],"wp:term":[{"taxonomy":"category","embeddable":true,"href":"https:\/\/linitiative.ca\/International\/wp-json\/wp\/v2\/categories?post=105849"},{"taxonomy":"post_tag","embeddable":true,"href":"https:\/\/linitiative.ca\/International\/wp-json\/wp\/v2\/tags?post=105849"}],"curies":[{"name":"wp","href":"https:\/\/api.w.org\/{rel}","templated":true}]}}