{"id":105852,"date":"2020-11-26T10:38:00","date_gmt":"2020-11-26T15:38:00","guid":{"rendered":"https:\/\/linitiative.ca\/International\/chiraz-latiri-ancienne-ministre-des-affaires-culturelles-defend-son-bilan\/"},"modified":"2020-11-26T10:38:00","modified_gmt":"2020-11-26T15:38:00","slug":"chiraz-latiri-ancienne-ministre-des-affaires-culturelles-defend-son-bilan","status":"publish","type":"post","link":"https:\/\/linitiative.ca\/International\/chiraz-latiri-ancienne-ministre-des-affaires-culturelles-defend-son-bilan\/","title":{"rendered":"Chiraz Latiri, ancienne ministre des affaires culturelles d\u00e9fend son bilan"},"content":{"rendered":"<p>\u00abD\u00e9passant tous les propos diffamatoires et les calomnies me concernant, je consid\u00e8re qu\u2019en cette p\u00e9riode de crise sanitaire, sociale et \u00e9conomique, il est insoutenable de manipuler l\u2019opinion publique, ciblant injustement le minist\u00e8re des affaires culturelles (MAC) et ses fonctionnaires. Des collaborateurs honn\u00eates et d\u00e9voues avec lesquels j\u2019ai eu le plus grand de plaisir de travailler de Mars a\u0300 Aout 2020.<br \/>A ce titre, je d\u00e9voile des chiffres que vous pouvez v\u00e9rifier aupr\u00e8s de la DAF du MAC et \u00e9galement aupr\u00e8s de l\u2019OTDAV, relatifs la distribution des aides Covid-19 de Avril au 2 septembre 2020, date de mon d\u00e9part du MAC.<\/p>\n<p>Pour faire face a\u0300 la crise Covid-19, deux m\u00e9canismes ont \u00e9t\u00e9\u0301 d\u00e9di\u00e9s aux aides sociales et \u00e9conomiques pour les artistes\/techniciens et op\u00e9rateurs culturels: (1) Le Fonds de Relance Culturel (FRC), une initiative tunisienne pionni\u00e8re dans la r\u00e9gion MEA et (2) les aides occasionnelles attribu\u00e9es par l\u2019OTDAV (Un m\u00e9canisme qui existe depuis des ann\u00e9es d\u00e9j\u00e0\u0300 pour soutenir les artistes qui se trouvent dans des situations de pr\u00e9carit\u00e9\u0301).<\/p>\n<p>Le Fonds Relance Culture est g\u00e9r\u00e9\u0301 par le MAC. Il s\u2019agit d\u2019un fonds de concours auquel contribuent des partenaires institutionnels nationaux et internationaux, de la soci\u00e9t\u00e9\u0301 civile et du secteur priv\u00e9. Avec une gouvernance transparente, un r\u00e8glement d\u00e9taill\u00e9\u0301. Le FRC a \u00e9t\u00e9\u0301 cr\u00e9e pour op\u00e9rer sur deux temporalit\u00e9s, \u00e0 savoir :<\/p>\n<p class=\"c3\"><span class=\"c2\"><strong>1-<\/strong><\/span> La premi\u00e8re, a\u0300 travers des aides financi\u00e8res pour soutenir les individus et les op\u00e9rateurs culturels. Notez que des commissions sectorielles ont proc\u00e9d\u00e9\u0301 a\u0300 l\u2019examen des candidatures et a\u0300 la s\u00e9lection finale des b\u00e9n\u00e9ficiaires.<\/p>\n<p class=\"c3\"><span class=\"c2\"><strong>2-<\/strong><\/span> La deuxi\u00e8me, est consacr\u00e9e a\u0300 la relance et la restructuration du secteur a\u0300 moyen terme.<\/p>\n<p>En plus du FRC dote\u0301 de 1.450.000 dinars jusqu\u2019\u00e0 fin ao\u00fbt 2020 de la part de partenaires du secteur culturel, et en commun accord avec le Minist\u00e8re des finances, 2.000.000 dinars ont \u00e9t\u00e9\u0301 attribu\u00e9s a\u0300 l\u2019OTDAV au titre des aides occasionnelles en r\u00e9ponse \u00e0 la crise Covid-19.<\/p>\n<p>Quant aux chiffres, de Mars a\u0300 Fin Aout 2020 ; p\u00e9riode ou\u0300 J\u2019ai \u00e9t\u00e9\u0301 a\u0300 la t\u00eate du MAC:<\/p>\n<p class=\"c3\"><span class=\"c2\"><strong>1-<\/strong><\/span> Aides Covid-19 FRC :1585artistes\/intermittents du spectacle du secteur culturel (r\u00e9partis comme suit : 991 Musique et danse, 131 Arts plastiques, 228 Cin\u00e9ma, 223 Th\u00e9\u00e2tre et 12 pour Livre &amp; Edition) ont \u00e9t\u00e9 retenus pour b\u00e9n\u00e9ficier des aides financi\u00e8res Covid-19 du FRC (a\u0300 hauteur de 900 dinars par aide), soit un total de1.426.000 dinars. Il s\u2019agit de candidats ayant d\u00e9pos\u00e9\u0301 soit via la plateforme digitale du FRC (seules 880 demandes ont \u00e9t\u00e9 accept\u00e9es sur un total de 1307 demandes d\u00e9pos\u00e9es, repr\u00e9sentant 67% du total des demandes enregistr\u00e9es) ; soit des demandes d\u00e9pos\u00e9es directement au BO du MAC ou via les commissariats de culture r\u00e9gionaux (Le nombre des demandes accept\u00e9es et trait\u00e9es est de 705, majoritairement du secteur de la Musique)<\/p>\n<p class=\"c3\"><span class=\"c2\"><strong>2-<\/strong><\/span> Aides financi\u00e8res occasionnelles (OTDAV): 1564 b\u00e9n\u00e9ficiaires du secteur culturel ont re\u00e7u leurs aides financi\u00e8res occasionnelles de l\u2019OTDAV (des aides variant de 300 a\u0300 1500 dinars), soit un total 814.200 dinars.<\/p>\n<p>Ainsi, jusqu\u2019\u00e0 fin ao\u00fbt, le nombre des b\u00e9n\u00e9ficiaires des aides (personnes physiques) au total s\u2019\u00e9l\u00e8ve \u00e0 3149 pour un montant d\u2019engagement de 2.240.2 MD.<br \/>Jusqu\u2019\u00e0 la fin de mon mandat, on \u00e9tait \u00e0 un taux de paiement d\u2019environ 80% des engagements.<\/p>\n<p>Quant aux personnes morales, jusqu\u2019a\u0300 la date de mon d\u00e9part du MAC (2 septembre 2020), 149 demandes de soci\u00e9t\u00e9s op\u00e9rant dans le secteur culturel ont d\u00e9pos\u00e9\u0301 leurs candidatures sur la plateforme digitale, r\u00e9parties comme suit : 29 Musique, 18 Edition, 14 Arts plastiques, 67 Th\u00e9\u00e2tre et 18 Cin\u00e9ma.\u00a0 Seules les commissions relatives au Th\u00e9\u00e2tre et au Cin\u00e9ma ont rendu leur r\u00e9sultat pour un montant d\u2019engagement total de subventions s\u2019\u00e9levant a\u0300 858.167 dinars (232.167 dinars pour le Cin\u00e9ma et 626.054 dinars pour le Th\u00e9\u00e2tre).<\/p>\n<p>En conclusion, jusqu\u2019\u00e0 la fin de mon mandat, le nombre de b\u00e9n\u00e9ficiaires, entre personnes physiques et personnes morales, s\u2019\u00e9l\u00e8ve \u00e0 3232 b\u00e9n\u00e9ficiaires pour un montant global de 3.098.000dinars.<\/p>\n<p>Toutefois, je confirme que les d\u00e9lais d\u2019ex\u00e9cution des virements ont \u00e9t\u00e9\u0301 variables, voire parfois trop retard\u00e9s pour diverses rasions dont des RIB de b\u00e9n\u00e9ficiaires erron\u00e9s ou inexistants et de surcro\u00eet la lourdeur des m\u00e9canismes de la gestion de la comptabilit\u00e9 publique, sans n\u00e9gliger des probl\u00e8mes occasionnels de suivi administratif.<\/p>\n<p>Je souligne que la p\u00e9rennit\u00e9 du Fonds de Relance Culturelle reste tributaire de nouvelles contributions financi\u00e8res de partenaires publics ou priv\u00e9s, soucieux du devenir du secteur culturel dans la crise in\u00e9dite par laquelle il passe.<\/p>\n<p>Il va sans dire que les fonctionnaires du MAC n\u2019ont jamais \u00e9t\u00e9\u0301 concern\u00e9s par ces aides contrairement a\u0300 ce qu\u2019a \u00e9t\u00e9 dit injustement dans certains m\u00e9dias. Par ailleurs, ces m\u00eames fonctionnaires et agents de l\u2019administration ont travaill\u00e9\u0301 sans rel\u00e2che en p\u00e9riode de confinement, y compris les week-end pour la mise en place de ces m\u00e9canismes d\u2019aide Covid-19 et pour acheminer les virements dans des d\u00e9lais raisonnables.<\/p>\n<p>A l\u2019occasion, je r\u00e9it\u00e8re mes remerciements a\u0300 tous les agents de la DAF et du Bureau de relations avec le citoyen au MAC ainsi que ceux de l\u2019OTDAV, la commission ex\u00e9cutive du FRC et tous les membres des commissions de s\u00e9lection sectorielles pour leur engagement et leur d\u00e9vouement. Toute ma gratitude va aux partenaires qui m\u2019ont soutenu et qui ont contribu\u00e9\u0301 au FRC (Fondation BIAT, Carrefour, Tunisie T\u00e9l\u00e9com, Fondation Rambourgh et Fondation KLF).<\/p>\n<p>Face a\u0300 cette deuxi\u00e8me vague de la pand\u00e9mie qui s\u2019attaque de nouveau au secteur culturel, un secteur sinistre\u0301 depuis le mois de mars, j\u2019exprime tout mon soutien et ma solidarit\u00e9\u0301 avec les artistes et les op\u00e9rateurs culturels qui se battent pour rendre la vie a\u0300 la sc\u00e8ne culturelle.<\/p>\n<p>N\u00e9anmoins, j\u2019assume mon avis tr\u00e8s factuel et r\u00e9aliste et je consid\u00e8re qu\u2019en attendant la promulgation de la loi relative au statut de l\u2019artiste et la r\u00e9vision de la nomenclature des m\u00e9tiers artistiques et culturelles, il est n\u00e9cessaire de s\u00e9parer les probl\u00e9matiques d\u2019ordre social de celles d\u2019ordre artistique et cr\u00e9atif.<\/p>\n<p>La pr\u00e9carit\u00e9 qui a touch\u00e9 tous les op\u00e9rateurs et les travailleurs \u0153uvrant dans le secteur de l\u2019\u00e9v\u00e9nementiel (Restaurants, h\u00f4tels, cabarets et boites de nuit en l\u2019occurrence ferm\u00e9s) ne concerne pas uniquement le MAC et les solutions peuvent \u00eatre \u00e9tudi\u00e9es \u00e0 un niveau interminist\u00e9riel, impliquant le minist\u00e8re de tourisme, le minist\u00e8re de commerce et celui des affaires sociales. Ceci n\u00e9cessite une refonte de certains textes de lois \u00e0 moyen terme afin de reconna\u00eetre les Freelancers et les intermittents de spectacles.<br \/>Bon vent \u00e0 tous !<\/p>\n<p class=\"c4\"><strong>\u00ab<\/strong><strong><strong>\u0639\u0627\u0634\u062a \u062a\u0648\u0646\u0633 \u0633\u064a\u062f\u0629 \u0646\u0641\u0633\u0647\u0627<\/strong>\u00bb<\/strong><br \/>\u00a0<\/p>\n<p>Auteur:<br \/>\n<a href=\"https:\/\/www.leaders.com.tn\/article\/30994-chiraz-latiri-ancienne-ministre-des-affaires-culturelles-defend-son-bilan\">Cliquez ici pour lire l&rsquo;article depuis sa source.<\/a><\/p>\n","protected":false},"excerpt":{"rendered":"<p>\u00abD\u00e9passant tous les propos diffamatoires et les calomnies me concernant, je consid\u00e8re qu\u2019en cette p\u00e9riode de crise sanitaire, sociale et \u00e9conomique, il est insoutenable de manipuler l\u2019opinion publique, ciblant injustement le minist\u00e8re des affaires culturelles (MAC) et ses fonctionnaires. Des collaborateurs honn\u00eates et d\u00e9voues avec lesquels j\u2019ai eu le plus grand de plaisir de travailler [&hellip;]<\/p>\n","protected":false},"author":1772,"featured_media":0,"comment_status":"closed","ping_status":"closed","sticky":false,"template":"","format":"standard","meta":{"fifu_image_url":"","fifu_image_alt":"","footnotes":""},"categories":[73,55],"tags":[],"class_list":["post-105852","post","type-post","status-publish","format-standard","hentry","category-actualite","category-tunisie"],"_links":{"self":[{"href":"https:\/\/linitiative.ca\/International\/wp-json\/wp\/v2\/posts\/105852","targetHints":{"allow":["GET"]}}],"collection":[{"href":"https:\/\/linitiative.ca\/International\/wp-json\/wp\/v2\/posts"}],"about":[{"href":"https:\/\/linitiative.ca\/International\/wp-json\/wp\/v2\/types\/post"}],"author":[{"embeddable":true,"href":"https:\/\/linitiative.ca\/International\/wp-json\/wp\/v2\/users\/1772"}],"replies":[{"embeddable":true,"href":"https:\/\/linitiative.ca\/International\/wp-json\/wp\/v2\/comments?post=105852"}],"version-history":[{"count":0,"href":"https:\/\/linitiative.ca\/International\/wp-json\/wp\/v2\/posts\/105852\/revisions"}],"wp:attachment":[{"href":"https:\/\/linitiative.ca\/International\/wp-json\/wp\/v2\/media?parent=105852"}],"wp:term":[{"taxonomy":"category","embeddable":true,"href":"https:\/\/linitiative.ca\/International\/wp-json\/wp\/v2\/categories?post=105852"},{"taxonomy":"post_tag","embeddable":true,"href":"https:\/\/linitiative.ca\/International\/wp-json\/wp\/v2\/tags?post=105852"}],"curies":[{"name":"wp","href":"https:\/\/api.w.org\/{rel}","templated":true}]}}