{"id":105853,"date":"2020-11-26T13:43:00","date_gmt":"2020-11-26T18:43:00","guid":{"rendered":"https:\/\/linitiative.ca\/International\/initiative-atuge-tayp-pour-soutenir-la-tunisie\/"},"modified":"2020-11-26T13:43:00","modified_gmt":"2020-11-26T18:43:00","slug":"initiative-atuge-tayp-pour-soutenir-la-tunisie","status":"publish","type":"post","link":"https:\/\/linitiative.ca\/International\/initiative-atuge-tayp-pour-soutenir-la-tunisie\/","title":{"rendered":"Initiative ATUGE &#8211; TAYP pour soutenir la Tunisie"},"content":{"rendered":"<p>La crise sanitaire engendr\u00e9e par la Covid-19 s\u2019est transform\u00e9e en Tunisie en une crise \u00e9conomique et sociale. Les impacts \u00e9conomiques, d\u00e9mographiques et soci\u00e9taux de cette crise sont lourds, notamment pour les m\u00e9nages vuln\u00e9rables. Partout dans le pays, et aussi pour les Tunisiens \u00e0 l\u2019\u00e9trangers les plus vuln\u00e9rables elle s&rsquo;accompagne d\u2019une aggravation du ch\u00f4mage et d\u2019une augmentation de la pr\u00e9carit\u00e9.<\/p>\n<p class=\"c2\"><img decoding=\"async\" src=\"\/uploads\/FCK_files\/Atuge-moy.jpg\" alt=\"\" width=\"100%\" vspace=\"5\" hspace=\"5\" align=\"middle\"\/><\/p>\n<p>Conscients de la situation, ATUGE (Association des Tunisiens des Grandes Ecoles) et TAYP (Tunisian American Young Professionals) lancent une initiative pour rassembler la diaspora Tunisienne autour d\u2019un programme de Solidarit\u00e9 au profit des Tunisiens, qu\u2019ils soient en Tunisie ou \u00e0 l\u2019\u00e9tranger.<\/p>\n<p>La premi\u00e8re action consiste au lancement d\u2019un fonds de solidarit\u00e9 qui fournira un soutien financier imm\u00e9diat aux Tunisiens de l\u2019\u00e9tranger qui ont \u00e9t\u00e9 les plus durement touch\u00e9s par la pand\u00e9mie, particuli\u00e8rement les \u00e9tudiants, ainsi qu\u2019aux h\u00f4pitaux tunisiens pour r\u00e9pondre au besoin urgent de plus de mat\u00e9riel m\u00e9dical \u00e0 la suite de la deuxi\u00e8me vague de la Covid-19 qui frappe le pays.<\/p>\n<p class=\"c2\"><img decoding=\"async\" src=\"\/uploads\/FCK_files\/Atuge-moy1.jpg\" alt=\"\" width=\"100%\" vspace=\"5\" hspace=\"5\" align=\"middle\"\/><\/p>\n<p>Cette action sera lanc\u00e9e le 28 novembre \u00e0 19h00 heure de Tunis avec l\u2019organisation d\u2019une conf\u00e9rence virtuelle avec la participation de :<\/p>\n<p class=\"c4\"><span class=\"c3\"><strong>\u2022<\/strong><\/span> <span class=\"c3\"><strong>Pr Iheb Labbane:<\/strong><\/span> <em>Chef du service d\u2019anesth\u00e9sie r\u00e9animation, H\u00f4pital militaire de Tunis.<\/em><\/p>\n<p class=\"c4\"><span class=\"c3\"><strong>\u2022<\/strong><\/span> <span class=\"c3\"><strong>Pr Iheb Labbane:<\/strong><\/span> <span class=\"c3\"><strong>Pr Hamida Maghraoui:<\/strong><\/span> <em>Cheffe du service d\u2019urgences, H\u00f4pital La Rabta de Tunis<\/em><\/p>\n<p class=\"c4\"><span class=\"c3\"><strong>\u2022<\/strong><\/span> <span class=\"c3\"><strong>Pr Iheb Labbane:<\/strong><\/span> <span class=\"c3\"><strong>Dr Ahlem Gzara:<\/strong><\/span> <em>Membre de la commission des dons du Minist\u00e8re de la sant\u00e9 tunisien<\/em><\/p>\n<p class=\"c4\"><span class=\"c3\"><strong>\u2022<\/strong><\/span> <span class=\"c3\"><strong>Pr Iheb Labbane:<\/strong><\/span> <span class=\"c3\"><strong>Maroua Sellami:<\/strong><\/span> <em>Vice-Pr\u00e9sidente, TAYP<\/em><\/p>\n<p class=\"c4\"><span class=\"c3\"><strong>\u2022<\/strong><\/span> <span class=\"c3\"><strong>Pr Iheb Labbane:<\/strong><\/span> <span class=\"c3\"><strong>Samia Rezgui:<\/strong><\/span> <em>Pr\u00e9sidente, ATUGE UK<\/em><\/p>\n<p class=\"c4\"><span class=\"c3\"><strong>\u2022<\/strong><\/span> <span class=\"c3\"><strong>Pr Iheb Labbane:<\/strong><\/span> <span class=\"c3\"><strong>Karim Jbeli:<\/strong><\/span> <em>Pr\u00e9sident, ATUGE FR<\/em><\/p>\n<p>Durant cette rencontre, les participants discuteront de la situation actuelle de la pand\u00e9mie en Tunisie, de l\u2019\u00e9tat actuel des h\u00f4pitaux Tunisiens ainsi que de leurs besoins. Les repr\u00e9sentants de ATUGE et TAYP pr\u00e9senterons cette initiative qui consistera \u00e0 une lev\u00e9e de fonds et aides en concertation avec la commission des dons pour une assistance efficace et rapide.<\/p>\n<p>Pour participer \u00e0 cette conf\u00e9rence, veuillez vous inscrire via <a href=\"https:\/\/us02web.zoom.us\/webinar\/register\/WN_6qfrYWpjRQm190v6tEZ2fA\" target=\"_blank\" rel=\"noopener noreferrer\">ce lien<\/a>.<\/p>\n<p>Auteur:<br \/>\n<a href=\"https:\/\/www.leaders.com.tn\/article\/30995-initiative-atuge-tayp-pour-soutenir-la-tunisie\">Cliquez ici pour lire l&rsquo;article depuis sa source.<\/a><\/p>\n","protected":false},"excerpt":{"rendered":"<p>La crise sanitaire engendr\u00e9e par la Covid-19 s\u2019est transform\u00e9e en Tunisie en une crise \u00e9conomique et sociale. Les impacts \u00e9conomiques, d\u00e9mographiques et soci\u00e9taux de cette crise sont lourds, notamment pour les m\u00e9nages vuln\u00e9rables. Partout dans le pays, et aussi pour les Tunisiens \u00e0 l\u2019\u00e9trangers les plus vuln\u00e9rables elle s&rsquo;accompagne d\u2019une aggravation du ch\u00f4mage et d\u2019une [&hellip;]<\/p>\n","protected":false},"author":1772,"featured_media":0,"comment_status":"closed","ping_status":"closed","sticky":false,"template":"","format":"standard","meta":{"fifu_image_url":"\/uploads\/FCK_files\/Atuge-moy.jpg","fifu_image_alt":"Initiative ATUGE - TAYP pour soutenir la Tunisie","footnotes":""},"categories":[73,55],"tags":[],"class_list":["post-105853","post","type-post","status-publish","format-standard","hentry","category-actualite","category-tunisie"],"_links":{"self":[{"href":"https:\/\/linitiative.ca\/International\/wp-json\/wp\/v2\/posts\/105853","targetHints":{"allow":["GET"]}}],"collection":[{"href":"https:\/\/linitiative.ca\/International\/wp-json\/wp\/v2\/posts"}],"about":[{"href":"https:\/\/linitiative.ca\/International\/wp-json\/wp\/v2\/types\/post"}],"author":[{"embeddable":true,"href":"https:\/\/linitiative.ca\/International\/wp-json\/wp\/v2\/users\/1772"}],"replies":[{"embeddable":true,"href":"https:\/\/linitiative.ca\/International\/wp-json\/wp\/v2\/comments?post=105853"}],"version-history":[{"count":0,"href":"https:\/\/linitiative.ca\/International\/wp-json\/wp\/v2\/posts\/105853\/revisions"}],"wp:attachment":[{"href":"https:\/\/linitiative.ca\/International\/wp-json\/wp\/v2\/media?parent=105853"}],"wp:term":[{"taxonomy":"category","embeddable":true,"href":"https:\/\/linitiative.ca\/International\/wp-json\/wp\/v2\/categories?post=105853"},{"taxonomy":"post_tag","embeddable":true,"href":"https:\/\/linitiative.ca\/International\/wp-json\/wp\/v2\/tags?post=105853"}],"curies":[{"name":"wp","href":"https:\/\/api.w.org\/{rel}","templated":true}]}}