{"id":105854,"date":"2020-11-26T14:48:00","date_gmt":"2020-11-26T19:48:00","guid":{"rendered":"https:\/\/linitiative.ca\/International\/lancien-ambassadeur-dallemagne-a-tunis-dr-andreas-reinicke-nomme-conseiller-pour-la-cooperation-digitale-pour-lafrique-du-nord\/"},"modified":"2020-11-26T14:48:00","modified_gmt":"2020-11-26T19:48:00","slug":"lancien-ambassadeur-dallemagne-a-tunis-dr-andreas-reinicke-nomme-conseiller-pour-la-cooperation-digitale-pour-lafrique-du-nord","status":"publish","type":"post","link":"https:\/\/linitiative.ca\/International\/lancien-ambassadeur-dallemagne-a-tunis-dr-andreas-reinicke-nomme-conseiller-pour-la-cooperation-digitale-pour-lafrique-du-nord\/","title":{"rendered":"L\u2019ancien ambassadeur d\u2019Allemagne \u00e0 Tunis, Dr Andreas Reinicke, nomm\u00e9 conseiller pour la coop\u00e9ration digitale pour l\u2019Afrique du Nord"},"content":{"rendered":"<p>La transformation digitale de la Tunisie a en sa personne un fervent ami utile. Rentr\u00e9 cet \u00e9t\u00e9 \u00e0 Berlin apr\u00e8s quatre intenses ann\u00e9es \u00e0 Tunis, l\u2019ambassadeur Dr Andreas Reinicke a repris du service. Le gouvernement allemand vient en effet de le nommer conseiller du minist\u00e8re de la Coop\u00e9ration sur la coop\u00e9ration digitale avec les pays d\u2019Afrique du Nord.\u00a0 Sa mission sera conduite en \u00e9troite collaboration avec la GIZ, la KFW et d\u2019autres institutions allemandes. L\u2019objectif est d\u2019accro\u00eetre l\u2018efficience de la coop\u00e9ration num\u00e9rique avec les gouvernements et aussi les entreprises du Maghreb.<\/p>\n<p>Auteur:<br \/>\n<a href=\"https:\/\/www.leaders.com.tn\/article\/30996-l-ancien-ambassadeur-d-allemagne-a-tunis-dr-andreas-reinicke-nomme-conseiller-pour-la-cooperation-digitale-pour-l-afrique-du-nord\">Cliquez ici pour lire l&rsquo;article depuis sa source.<\/a><\/p>\n","protected":false},"excerpt":{"rendered":"<p>La transformation digitale de la Tunisie a en sa personne un fervent ami utile. Rentr\u00e9 cet \u00e9t\u00e9 \u00e0 Berlin apr\u00e8s quatre intenses ann\u00e9es \u00e0 Tunis, l\u2019ambassadeur Dr Andreas Reinicke a repris du service. Le gouvernement allemand vient en effet de le nommer conseiller du minist\u00e8re de la Coop\u00e9ration sur la coop\u00e9ration digitale avec les pays [&hellip;]<\/p>\n","protected":false},"author":1772,"featured_media":0,"comment_status":"closed","ping_status":"closed","sticky":false,"template":"","format":"standard","meta":{"fifu_image_url":"","fifu_image_alt":"","footnotes":""},"categories":[73,55],"tags":[],"class_list":["post-105854","post","type-post","status-publish","format-standard","hentry","category-actualite","category-tunisie"],"_links":{"self":[{"href":"https:\/\/linitiative.ca\/International\/wp-json\/wp\/v2\/posts\/105854","targetHints":{"allow":["GET"]}}],"collection":[{"href":"https:\/\/linitiative.ca\/International\/wp-json\/wp\/v2\/posts"}],"about":[{"href":"https:\/\/linitiative.ca\/International\/wp-json\/wp\/v2\/types\/post"}],"author":[{"embeddable":true,"href":"https:\/\/linitiative.ca\/International\/wp-json\/wp\/v2\/users\/1772"}],"replies":[{"embeddable":true,"href":"https:\/\/linitiative.ca\/International\/wp-json\/wp\/v2\/comments?post=105854"}],"version-history":[{"count":0,"href":"https:\/\/linitiative.ca\/International\/wp-json\/wp\/v2\/posts\/105854\/revisions"}],"wp:attachment":[{"href":"https:\/\/linitiative.ca\/International\/wp-json\/wp\/v2\/media?parent=105854"}],"wp:term":[{"taxonomy":"category","embeddable":true,"href":"https:\/\/linitiative.ca\/International\/wp-json\/wp\/v2\/categories?post=105854"},{"taxonomy":"post_tag","embeddable":true,"href":"https:\/\/linitiative.ca\/International\/wp-json\/wp\/v2\/tags?post=105854"}],"curies":[{"name":"wp","href":"https:\/\/api.w.org\/{rel}","templated":true}]}}