{"id":105855,"date":"2020-11-26T05:00:00","date_gmt":"2020-11-26T10:00:00","guid":{"rendered":"https:\/\/linitiative.ca\/International\/ait-abdeslam-out-contre-le-cabba-et-le-mco\/"},"modified":"2020-11-26T05:00:00","modified_gmt":"2020-11-26T10:00:00","slug":"ait-abdeslam-out-contre-le-cabba-et-le-mco","status":"publish","type":"post","link":"https:\/\/linitiative.ca\/International\/ait-abdeslam-out-contre-le-cabba-et-le-mco\/","title":{"rendered":"A\u00eft Abdeslam \u00about\u00bb contre le CABBA et le MCO"},"content":{"rendered":"<p>Le lat\u00e9ral droit de la JS Kabylie, Ahmed A\u00eft Abdeslam, manquera les deux premiers matchs de la saison, respectivement, contre le CA Bordj Bou Arr\u00e9ridj et le MC Oran, car souffrant d&rsquo;une blessure, a annonc\u00e9 le club du Djurdjura. \u00abLa blessure dont souffre A\u00eft Abdeslam n&rsquo;est pas tr\u00e8s grave, mais le staff technique a pr\u00e9f\u00e9r\u00e9 \u00e9viter de prendre tout risque qui pourrait compliquer ce probl\u00e8me davantage. Il a donc mis ce joueur au repos pendant dix jours, ce qui lui fera manquer les deux prochains matchs, respectivement, contre le CABBA et le MCO\u00bb, a indiqu\u00e9 la direction des Canaris dans un bref communiqu\u00e9, sans pr\u00e9ciser la nature exacte de la blessure dont souffre l&rsquo;enfant d&rsquo;Iferhoun\u00e8ne. Le coach tunisien Yamen Zelfani et ses poulains commenceront par recevoir les Criquets du CABBA, le vendredi 27 novembre courant \u00e0 Tizi-Ouzou, puis se d\u00e9placeront, \u00e0 Oran, le 4 ou le 5 d\u00e9cembre prochain.<\/p>\n<p><strong>Les droits TV de la saison \u00e9coul\u00e9e r\u00e9clam\u00e9s<br \/><\/strong>La direction de la JS Kabylie s\u2019est \u00abinsurg\u00e9e\u00bb, mardi, contre le fait de ne pas avoir per\u00e7u sa quote-part des droits TV de la saison \u00e9coul\u00e9e (2019-2020), malgr\u00e9 \u00abplusieurs rappels rest\u00e9s infructueux\u00bb. A la veille de l\u2019entame de la nouvelle saison 2020-2021, \u00abla JSK s\u2019insurge contre le fait de ne pas avoir re\u00e7u sa quote-part des droits TV de la saison \u00ab2019-2020, et ce, malgr\u00e9 l\u2019arr\u00eat du Championnat depuis le mois de mars dernier et en d\u00e9pit de (nos) nombreux rappels rest\u00e9s infructueux jusqu&rsquo;\u00e0 ce jour\u00bb, a \u00e9crit le club dans un communiqu\u00e9 publi\u00e9 sur sa page Facebook. \u00abLa JSK, plus que motiv\u00e9e \u00e0 relever les challenges sportifs de la nouvelle saison sur le (double) plan national et continental, se retrouve aujourd\u2019hui amput\u00e9e d\u2019une manne financi\u00e8re consid\u00e9rable qui lui revient de droit. A cela, il faudra ajouter (le fait) que tous les prochains matchs seront disput\u00e9s \u00e0 huis clos, ce qui implique que le plus gros des rentr\u00e9es financi\u00e8res du club cette saison seront les droits TV\u00bb, ajoute-t-on de m\u00eame source. Afin d\u2019obtenir gain de cause, la direction de la JSK \u00abinterpelle les responsables de la comp\u00e9tition pour r\u00e9gler sans d\u00e9lais les paiements en suspens\u00bb, s&rsquo;interrogeant si lesdits responsables font dans la \u00abfuite en avant\u00bb.<\/p>\n<p>Auteur:<br \/>\n<a href=\"https:\/\/www.lesoirdalgerie.com\/sports\/ait-abdeslam-out-contre-le-cabba-et-le-mco-52042\">Cliquez ici pour lire l&rsquo;article depuis sa source.<\/a><\/p>\n","protected":false},"excerpt":{"rendered":"<p>Le lat\u00e9ral droit de la JS Kabylie, Ahmed A\u00eft Abdeslam, manquera les deux premiers matchs de la saison, respectivement, contre le CA Bordj Bou Arr\u00e9ridj et le MC Oran, car souffrant d&rsquo;une blessure, a annonc\u00e9 le club du Djurdjura. \u00abLa blessure dont souffre A\u00eft Abdeslam n&rsquo;est pas tr\u00e8s grave, mais le staff technique a pr\u00e9f\u00e9r\u00e9 [&hellip;]<\/p>\n","protected":false},"author":1741,"featured_media":0,"comment_status":"closed","ping_status":"closed","sticky":false,"template":"","format":"standard","meta":{"fifu_image_url":"","fifu_image_alt":"","footnotes":""},"categories":[73,53],"tags":[],"class_list":["post-105855","post","type-post","status-publish","format-standard","hentry","category-actualite","category-algerie"],"_links":{"self":[{"href":"https:\/\/linitiative.ca\/International\/wp-json\/wp\/v2\/posts\/105855","targetHints":{"allow":["GET"]}}],"collection":[{"href":"https:\/\/linitiative.ca\/International\/wp-json\/wp\/v2\/posts"}],"about":[{"href":"https:\/\/linitiative.ca\/International\/wp-json\/wp\/v2\/types\/post"}],"author":[{"embeddable":true,"href":"https:\/\/linitiative.ca\/International\/wp-json\/wp\/v2\/users\/1741"}],"replies":[{"embeddable":true,"href":"https:\/\/linitiative.ca\/International\/wp-json\/wp\/v2\/comments?post=105855"}],"version-history":[{"count":0,"href":"https:\/\/linitiative.ca\/International\/wp-json\/wp\/v2\/posts\/105855\/revisions"}],"wp:attachment":[{"href":"https:\/\/linitiative.ca\/International\/wp-json\/wp\/v2\/media?parent=105855"}],"wp:term":[{"taxonomy":"category","embeddable":true,"href":"https:\/\/linitiative.ca\/International\/wp-json\/wp\/v2\/categories?post=105855"},{"taxonomy":"post_tag","embeddable":true,"href":"https:\/\/linitiative.ca\/International\/wp-json\/wp\/v2\/tags?post=105855"}],"curies":[{"name":"wp","href":"https:\/\/api.w.org\/{rel}","templated":true}]}}