{"id":105872,"date":"2020-11-26T15:30:00","date_gmt":"2020-11-26T20:30:00","guid":{"rendered":"https:\/\/linitiative.ca\/International\/cameroun-des-controles-de-police-systematiques-et-permanents-bientot-lances-a-yaounde-gouverneur\/"},"modified":"2020-11-26T15:30:00","modified_gmt":"2020-11-26T20:30:00","slug":"cameroun-des-controles-de-police-systematiques-et-permanents-bientot-lances-a-yaounde-gouverneur","status":"publish","type":"post","link":"https:\/\/linitiative.ca\/International\/cameroun-des-controles-de-police-systematiques-et-permanents-bientot-lances-a-yaounde-gouverneur\/","title":{"rendered":"Cameroun: des contr\u00f4les de police syst\u00e9matiques et permanents bient\u00f4t lanc\u00e9s \u00e0 Yaound\u00e9 (gouverneur)"},"content":{"rendered":"<div readability=\"32\">\n<p>Publi\u00e9 le 26.11.2020 \u00e0 21h30 par JournalduCameroun.com<\/p>\n<\/div>\n<div readability=\"63\">\n<h2>Ces contr\u00f4les ont \u00e9t\u00e9 d\u00e9cid\u00e9s \u00e0 la suite des r\u00e9centes explosions de bombes artisanales dans la capitale politique<\/h2>\n<p><span class=\"c6\">Suite \u00e0 l\u2019explosion de bombes artisanales dans quatre quartiers de<\/span> <strong>Yaound\u00e9<\/strong> <span class=\"c6\">(Damase, Nsam, Mokolo, Emana-borne fontaine) ces derniers mois, le gouverneur de la r\u00e9gion du Centre, <strong>Naseri Paul Bea<\/strong>, a sugg\u00e9r\u00e9, depuis un arr\u00eat\u00e9 du 10 novembre, aux propri\u00e9taires de d\u00e9bits de boisson, restaurants, \u00e9tablissements h\u00f4teliers de renforcer la s\u00e9curit\u00e9 desdits lieux en interdisant le port du sac \u00e0 l\u2019int\u00e9rieur. Le gouverneur entend par ailleurs passer \u00e0 une autre phase \u00e0 l\u2019approche des f\u00eates de fin d\u2019ann\u00e9e.<\/span><\/p>\n<p><em><span class=\"c6\">\u201cPour le moment, nous sommes dans la phase de sensibilisation. Apr\u00e8s, nous proc\u00e9derons aux contr\u00f4les. Ceux-ci seront syst\u00e9matiques et permanents, surtout aux heures de forte fr\u00e9quentation. En d\u00e9but de soir\u00e9e en l\u2019occurrence\u201d<\/span><\/em><span class=\"c6\">, a indiqu\u00e9<\/span> Naseri Paul Bea <span class=\"c6\">dans la presse publique ce jeudi.<\/span><\/p>\n<p><span class=\"c6\">Le gouverneur du Centre estime toutefois qu\u2019il n\u2019y a pas lieu de paniquer suite \u00e0 ces explosions de bombes artisanales.<\/span><\/p>\n<p><em><span class=\"c6\">\u201cCe que nous vivons \u00e0 Yaound\u00e9 est commun \u00e0 toutes les grandes m\u00e9tropoles, \u00e0 toutes les villes qui ont ce nombre d\u2019habitants. Ce n\u2019est donc pas une exclusivit\u00e9 qui devrait faire l\u2019objet d\u2019une peur particuli\u00e8re et des commentaires particuliers\u201d<\/span><\/em><span class=\"c6\">, d\u2019apr\u00e8s le patron de la r\u00e9gion.\u00a0<\/span><\/p>\n<\/div>\n<p>Auteur: JournalduCameroun.com<br \/>\n<a href=\"https:\/\/www.journalducameroun.com\/cameroun-controles-de-police-systematiques-et-permanents-bientot-a-yaounde-gouv\/\">Cliquez ici pour lire l&rsquo;article depuis sa source.<\/a><\/p>\n","protected":false},"excerpt":{"rendered":"<p>Publi\u00e9 le 26.11.2020 \u00e0 21h30 par JournalduCameroun.com Ces contr\u00f4les ont \u00e9t\u00e9 d\u00e9cid\u00e9s \u00e0 la suite des r\u00e9centes explosions de bombes artisanales dans la capitale politique Suite \u00e0 l\u2019explosion de bombes artisanales dans quatre quartiers de Yaound\u00e9 (Damase, Nsam, Mokolo, Emana-borne fontaine) ces derniers mois, le gouverneur de la r\u00e9gion du Centre, Naseri Paul Bea, a [&hellip;]<\/p>\n","protected":false},"author":1965,"featured_media":0,"comment_status":"closed","ping_status":"closed","sticky":false,"template":"","format":"standard","meta":{"fifu_image_url":"","fifu_image_alt":"","footnotes":""},"categories":[73,82],"tags":[],"class_list":["post-105872","post","type-post","status-publish","format-standard","hentry","category-actualite","category-cameroun"],"_links":{"self":[{"href":"https:\/\/linitiative.ca\/International\/wp-json\/wp\/v2\/posts\/105872","targetHints":{"allow":["GET"]}}],"collection":[{"href":"https:\/\/linitiative.ca\/International\/wp-json\/wp\/v2\/posts"}],"about":[{"href":"https:\/\/linitiative.ca\/International\/wp-json\/wp\/v2\/types\/post"}],"author":[{"embeddable":true,"href":"https:\/\/linitiative.ca\/International\/wp-json\/wp\/v2\/users\/1965"}],"replies":[{"embeddable":true,"href":"https:\/\/linitiative.ca\/International\/wp-json\/wp\/v2\/comments?post=105872"}],"version-history":[{"count":0,"href":"https:\/\/linitiative.ca\/International\/wp-json\/wp\/v2\/posts\/105872\/revisions"}],"wp:attachment":[{"href":"https:\/\/linitiative.ca\/International\/wp-json\/wp\/v2\/media?parent=105872"}],"wp:term":[{"taxonomy":"category","embeddable":true,"href":"https:\/\/linitiative.ca\/International\/wp-json\/wp\/v2\/categories?post=105872"},{"taxonomy":"post_tag","embeddable":true,"href":"https:\/\/linitiative.ca\/International\/wp-json\/wp\/v2\/tags?post=105872"}],"curies":[{"name":"wp","href":"https:\/\/api.w.org\/{rel}","templated":true}]}}