{"id":105874,"date":"2020-11-26T15:45:43","date_gmt":"2020-11-26T20:45:43","guid":{"rendered":"https:\/\/linitiative.ca\/International\/cameroun-coronavirus-depistages-massifs-envisages-dans-les-ecoles-universites-transports-publics\/"},"modified":"2020-11-26T15:45:43","modified_gmt":"2020-11-26T20:45:43","slug":"cameroun-coronavirus-depistages-massifs-envisages-dans-les-ecoles-universites-transports-publics","status":"publish","type":"post","link":"https:\/\/linitiative.ca\/International\/cameroun-coronavirus-depistages-massifs-envisages-dans-les-ecoles-universites-transports-publics\/","title":{"rendered":"Cameroun\/Coronavirus: \u00ab\u00a0d\u00e9pistages massifs\u00a0\u00bb envisag\u00e9s dans les \u00e9coles, universit\u00e9s, transports publics"},"content":{"rendered":"<div readability=\"32\">\n<p>Publi\u00e9 le 26.11.2020 \u00e0 21h45 par JournalduCameroun.com<\/p>\n<\/div>\n<div readability=\"52\">\n<h2>Mesure en projet au minist\u00e8re de la Sant\u00e9 publique, face \u00e0 la \u201cr\u00e9surgence de nouveaux foyers\u201d dans plusieurs villes<\/h2>\n<p><span class=\"c6\">Le minist\u00e8re de la Sant\u00e9 publique du Cameroun (<\/span><strong>Minsant\u00e9<\/strong><span class=\"c6\">) envisage de proc\u00e9der \u00e0 des<\/span> <em><span class=\"c6\">\u201cop\u00e9rations de d\u00e9pistages massifs\u201d<\/span><\/em> <span class=\"c6\">de l\u2019infection au Covid-19 en milieu scolaire et universitaire, ainsi que dans les transports urbains et interurbains, a annonc\u00e9 ce jeudi un haut responsable du gouvernement.<\/span><\/p>\n<p><span class=\"c6\">La mesure a \u00e9t\u00e9 prise<\/span> <em><span class=\"c6\">\u201cface \u00e0 la r\u00e9surgence de nouveaux foyers\u201d<\/span><\/em> <span class=\"c6\">de coronavirus dans plusieurs villes du pays, a expliqu\u00e9 le secr\u00e9taire d\u2019Etat aupr\u00e8s du Minsant\u00e9 charg\u00e9 de la lutte contre les \u00e9pid\u00e9mies et les pand\u00e9mies,<\/span> <strong>Alim Hayatou<\/strong><span class=\"c6\">.\u00a0<\/span><\/p>\n<p><span class=\"c6\">La d\u00e9claration a \u00e9t\u00e9 faite au cours du conseil de cabinet du mois de novembre, pr\u00e9sid\u00e9 (par vid\u00e9oconf\u00e9rence) ce jeudi par le Premier ministre,<\/span> <strong>Joseph Dion Ngute<\/strong><span class=\"c6\">.<\/span><\/p>\n<p><span class=\"c6\">Depuis la notification d\u2019un premier cas officiel d\u2019infection au coronavirus le 06 mars, le Cameroun a d\u00e9j\u00e0 enregistr\u00e9 officiellement \u00e0 ce jour 436 cas de d\u00e9c\u00e8s dus \u00e0 ce virus.<\/span><\/p>\n<\/div>\n<p>Auteur: JournalduCameroun.com<br \/>\n<a href=\"https:\/\/www.journalducameroun.com\/cameroun-coronavirus-depistages-massifs-envisages-ecoles-universites-transports-publics\/\">Cliquez ici pour lire l&rsquo;article depuis sa source.<\/a><\/p>\n","protected":false},"excerpt":{"rendered":"<p>Publi\u00e9 le 26.11.2020 \u00e0 21h45 par JournalduCameroun.com Mesure en projet au minist\u00e8re de la Sant\u00e9 publique, face \u00e0 la \u201cr\u00e9surgence de nouveaux foyers\u201d dans plusieurs villes Le minist\u00e8re de la Sant\u00e9 publique du Cameroun (Minsant\u00e9) envisage de proc\u00e9der \u00e0 des \u201cop\u00e9rations de d\u00e9pistages massifs\u201d de l\u2019infection au Covid-19 en milieu scolaire et universitaire, ainsi que [&hellip;]<\/p>\n","protected":false},"author":1965,"featured_media":0,"comment_status":"closed","ping_status":"closed","sticky":false,"template":"","format":"standard","meta":{"fifu_image_url":"","fifu_image_alt":"","footnotes":""},"categories":[73,82],"tags":[],"class_list":["post-105874","post","type-post","status-publish","format-standard","hentry","category-actualite","category-cameroun"],"_links":{"self":[{"href":"https:\/\/linitiative.ca\/International\/wp-json\/wp\/v2\/posts\/105874","targetHints":{"allow":["GET"]}}],"collection":[{"href":"https:\/\/linitiative.ca\/International\/wp-json\/wp\/v2\/posts"}],"about":[{"href":"https:\/\/linitiative.ca\/International\/wp-json\/wp\/v2\/types\/post"}],"author":[{"embeddable":true,"href":"https:\/\/linitiative.ca\/International\/wp-json\/wp\/v2\/users\/1965"}],"replies":[{"embeddable":true,"href":"https:\/\/linitiative.ca\/International\/wp-json\/wp\/v2\/comments?post=105874"}],"version-history":[{"count":0,"href":"https:\/\/linitiative.ca\/International\/wp-json\/wp\/v2\/posts\/105874\/revisions"}],"wp:attachment":[{"href":"https:\/\/linitiative.ca\/International\/wp-json\/wp\/v2\/media?parent=105874"}],"wp:term":[{"taxonomy":"category","embeddable":true,"href":"https:\/\/linitiative.ca\/International\/wp-json\/wp\/v2\/categories?post=105874"},{"taxonomy":"post_tag","embeddable":true,"href":"https:\/\/linitiative.ca\/International\/wp-json\/wp\/v2\/tags?post=105874"}],"curies":[{"name":"wp","href":"https:\/\/api.w.org\/{rel}","templated":true}]}}