{"id":105875,"date":"2020-11-26T15:55:51","date_gmt":"2020-11-26T20:55:51","guid":{"rendered":"https:\/\/linitiative.ca\/International\/cameroun-le-point-sur-la-phase-2-des-projets-dautoroutes-yaounde-douala-et-edea-kribi-lolabe-au-26-novembre-2020\/"},"modified":"2020-11-26T15:55:51","modified_gmt":"2020-11-26T20:55:51","slug":"cameroun-le-point-sur-la-phase-2-des-projets-dautoroutes-yaounde-douala-et-edea-kribi-lolabe-au-26-novembre-2020","status":"publish","type":"post","link":"https:\/\/linitiative.ca\/International\/cameroun-le-point-sur-la-phase-2-des-projets-dautoroutes-yaounde-douala-et-edea-kribi-lolabe-au-26-novembre-2020\/","title":{"rendered":"Cameroun: le point sur la phase 2 des projets d\u2019autoroutes Yaound\u00e9-Douala et Ed\u00e9a-Kribi-Lolabe au 26 novembre 2020"},"content":{"rendered":"<div readability=\"32\">\n<p>Publi\u00e9 le 26.11.2020 \u00e0 21h55 par JournalduCameroun.com<\/p>\n<\/div>\n<div readability=\"72.137664697865\">\n<h2>Offres en cours d\u2019analyse pour la section Kribi-Ed\u00e9a, un appel d\u2019offres restreint \u00e9tabli pour la section Yaound\u00e9-Bibodi \u00e0 l\u2019intention des partenaires techniques et financiers, selon la mise \u00e0 jour du minist\u00e8re des Travaux publics<\/h2>\n<p><span class=\"c6\">Le ministre des Travaux publics (<\/span><strong>Mintp<\/strong><span class=\"c6\">),<\/span> <strong>Emmanuel Nganou Djoumessi<\/strong><span class=\"c6\">, a pr\u00e9sent\u00e9 ce jeudi en conseil de cabinet \u2013 pr\u00e9sid\u00e9 par le chef du gouvernement Joseph Dion Ngute \u2013 la situation de la phase 2 des<\/span> <a href=\"https:\/\/www.journalducameroun.com\/autoroutes-yde-dla-nsimalen-edea-kribi-lolabe-point-juillet-2020\/\"><span class=\"c6\">projets d\u2019autoroutes<\/span><\/a> <strong>Yaound\u00e9 \u2013 Douala<\/strong> <span class=\"c6\">(196 km) et<\/span> <strong>Ed\u00e9a-Kribi-Lolab\u00e9<\/strong> <span class=\"c6\">(130 km).\u00a0<\/span><\/p>\n<p><span class=\"c6\">Pour l\u2019autoroute Yaound\u00e9 \u2013 Douala, le Mintp a \u00e9tabli un<\/span> <em><span class=\"c6\">\u201cappel d\u2019offres restreint\u201d<\/span><\/em> <span class=\"c6\">pour la proc\u00e9dure de s\u00e9lection des partenaires techniques et financiers, selon le communiqu\u00e9 publi\u00e9 ce jeudi par les services du Premier ministre \u00e0 l\u2019issue du conseil de cabinet.<\/span><\/p>\n<p><span class=\"c6\">Pour l\u2019autoroute Ed\u00e9a-Kribi-Lolab\u00e9, les offres re\u00e7ues suite \u00e0 l\u2019<\/span><a href=\"https:\/\/www.journalducameroun.com\/gouv-rech-phase-ii-auto-yaounde-kribi-ppp\/\"><span class=\"c6\">appel \u00e0 manifestation d\u2019int\u00e9r\u00eat lanc\u00e9 en mars-avril 2020<\/span><\/a> <span class=\"c6\">sont encore<\/span> <em><span class=\"c6\">\u201cen cours d\u2019analyse\u201d<\/span><\/em><span class=\"c6\">.<\/span><\/p>\n<p><span class=\"c6\">La phase 2 de l\u2019autoroute Yaound\u00e9-Douala concerne la r\u00e9alisation de la section<\/span> <strong>Bibodi-Douala<\/strong> <span class=\"c6\">(136 km), la section<\/span> <strong>Yaound\u00e9-Bibodi<\/strong> <span class=\"c6\">(60 km) de la phase 1 \u00e9tant ex\u00e9cut\u00e9e \u00e0 plus de 90%, d\u2019apr\u00e8s le Mintp.<\/span><\/p>\n<p><span class=\"c6\">La deuxi\u00e8me phase de l\u2019autoroute Ed\u00e9a-Kribi-Lolab\u00e9 concerne la r\u00e9alisation de la section<\/span> <strong>Ed\u00e9a-Kribi<\/strong> <span class=\"c6\">(92 km), la section<\/span> <strong>Kribi-Lolab\u00e9<\/strong> <span class=\"c6\">(38,5 km) de la phase 1 \u00e9tant r\u00e9alis\u00e9e \u00e0 pr\u00e8s de 90%, selon le Mintp.\u00a0<\/span><\/p>\n<p><span class=\"c6\">Un constat a \u00e9t\u00e9 fait sur les quatres sections en conseil de cabinet du mois de novembre. En dehors de Yaound\u00e9 \u2013 Bibodi, o\u00f9 les emprises fonci\u00e8res ont \u00e9t\u00e9 enti\u00e8rement lib\u00e9r\u00e9es par les populations, les autres sections ne le sont pas encore. D\u2019apr\u00e8s le ministre des Travaux publics, il est encore question de mobiliser les ressources n\u00e9cessaires pour les indemnisations et finaliser les actes de d\u00e9claration des sites choisis d\u2019utilit\u00e9 publique.<\/span><\/p>\n<p><span class=\"c6\">Le MINTP recherche des partenaires potentiels pour signer des partenariats public-priv\u00e9 (PPP) pour la deuxi\u00e8me phase des deux projets d\u2019autoroute. Le partenaire priv\u00e9 retenu sera r\u00e9mun\u00e9r\u00e9 par les paiements provenant des usagers, dans le cadre de l\u2019exploitation, par ses soins, de chacune des autoroutes.<\/span><\/p>\n<\/div>\n<p>Auteur: JournalduCameroun.com<br \/>\n<a href=\"https:\/\/www.journalducameroun.com\/cameroun-le-point-sur-la-phase-2-des-projets-dautoroutes-yaounde-douala-et-edea-kribi-lolabe-au-26-novembre-2020\/\">Cliquez ici pour lire l&rsquo;article depuis sa source.<\/a><\/p>\n","protected":false},"excerpt":{"rendered":"<p>Publi\u00e9 le 26.11.2020 \u00e0 21h55 par JournalduCameroun.com Offres en cours d\u2019analyse pour la section Kribi-Ed\u00e9a, un appel d\u2019offres restreint \u00e9tabli pour la section Yaound\u00e9-Bibodi \u00e0 l\u2019intention des partenaires techniques et financiers, selon la mise \u00e0 jour du minist\u00e8re des Travaux publics Le ministre des Travaux publics (Mintp), Emmanuel Nganou Djoumessi, a pr\u00e9sent\u00e9 ce jeudi en [&hellip;]<\/p>\n","protected":false},"author":1965,"featured_media":0,"comment_status":"closed","ping_status":"closed","sticky":false,"template":"","format":"standard","meta":{"fifu_image_url":"","fifu_image_alt":"","footnotes":""},"categories":[73,82],"tags":[],"class_list":["post-105875","post","type-post","status-publish","format-standard","hentry","category-actualite","category-cameroun"],"_links":{"self":[{"href":"https:\/\/linitiative.ca\/International\/wp-json\/wp\/v2\/posts\/105875","targetHints":{"allow":["GET"]}}],"collection":[{"href":"https:\/\/linitiative.ca\/International\/wp-json\/wp\/v2\/posts"}],"about":[{"href":"https:\/\/linitiative.ca\/International\/wp-json\/wp\/v2\/types\/post"}],"author":[{"embeddable":true,"href":"https:\/\/linitiative.ca\/International\/wp-json\/wp\/v2\/users\/1965"}],"replies":[{"embeddable":true,"href":"https:\/\/linitiative.ca\/International\/wp-json\/wp\/v2\/comments?post=105875"}],"version-history":[{"count":0,"href":"https:\/\/linitiative.ca\/International\/wp-json\/wp\/v2\/posts\/105875\/revisions"}],"wp:attachment":[{"href":"https:\/\/linitiative.ca\/International\/wp-json\/wp\/v2\/media?parent=105875"}],"wp:term":[{"taxonomy":"category","embeddable":true,"href":"https:\/\/linitiative.ca\/International\/wp-json\/wp\/v2\/categories?post=105875"},{"taxonomy":"post_tag","embeddable":true,"href":"https:\/\/linitiative.ca\/International\/wp-json\/wp\/v2\/tags?post=105875"}],"curies":[{"name":"wp","href":"https:\/\/api.w.org\/{rel}","templated":true}]}}