{"id":105880,"date":"2020-11-27T11:00:18","date_gmt":"2020-11-27T16:00:18","guid":{"rendered":"https:\/\/linitiative.ca\/International\/etude-dimpact-patrimonial-a-rabat-lorientation-de-sar-lalla-hasna-comme-soubassement\/"},"modified":"2020-11-27T11:00:18","modified_gmt":"2020-11-27T16:00:18","slug":"etude-dimpact-patrimonial-a-rabat-lorientation-de-sar-lalla-hasna-comme-soubassement","status":"publish","type":"post","link":"https:\/\/linitiative.ca\/International\/etude-dimpact-patrimonial-a-rabat-lorientation-de-sar-lalla-hasna-comme-soubassement\/","title":{"rendered":"Etude d\u2019impact patrimonial \u00e0 Rabat : L\u2019orientation de SAR Lalla Hasna comme soubassement"},"content":{"rendered":"<p><img decoding=\"async\" class=\"post_layout_5_img\" src=\"http:\/\/aujourdhui.ma\/wp-content\/uploads\/2020\/11\/Lorientation-de-SAR-Lalla-Hasna-comme-soubassement.jpg\" alt=\"Etude d&#x2019;impact patrimonial &#xE0; Rabat : L&#x2019;orientation de SAR Lalla Hasna comme soubassement\"\/><\/p>\n<p><span class=\"c5\"><strong>\u00abD\u00e8s le dernier conseil d\u2019administration de la Fondation pour la sauvegarde du patrimoine culturel de Rabat, Son Altesse Royale la Princesse Lalla Hasna a tenu \u00e0 ce que la question d\u2019\u00e9tude d\u2019impact soit \u00e9rig\u00e9e au c\u0153ur de nos priorit\u00e9s particuli\u00e8rement l\u2019approche propre \u00e0 la ville de Rabat\u00bb.<\/strong><\/span><span id=\"more-361578\"\/><\/p>\n<p>L\u2019orientation de SAR, qui pr\u00e9side cette structure, est mise en avant, jeudi, par le secr\u00e9taire g\u00e9n\u00e9ral de la Fondation, Karim Tajmouati, lors d\u2019un webinaire consacr\u00e9 \u00e0 \u00abL\u2019\u00e9tude d\u2019impact patrimonial : un outil de protection et de sauvegarde du patrimoine mondial\u00bb.<\/p>\n<p><strong><span class=\"c6\">Implication des acteurs locaux<\/span><\/strong><br \/>Le responsable, qui pr\u00e9cise que les \u00e9changes lors de cet \u00e9v\u00e9nement en ligne s\u2019adressent \u00e9galement aux \u00abacteurs locaux\u00bb, estime que les raisons de cette \u00e9tude d\u2019impact sont dues \u00e0 l\u2019\u00e9volution dans un environnement socio-\u00e9conomique dynamique. Comme il l\u2019explicite, les activit\u00e9s humaines n\u00e9cessaires li\u00e9es au d\u00e9veloppement urbain peuvent avoir des cons\u00e9quences sur la valeur universelle exceptionnelle d\u2019un site de patrimoine. \u00abCes acteurs locaux, il faut trouver une nouvelle fa\u00e7on de les associer\u00bb, avance, pour sa part, le ministre de la culture, de la jeunesse et des sports. A propos du sujet de la rencontre, Othman El Ferdaous estime que \u00able patrimoine n\u2019est pas une chose morte, il \u00e9volue plut\u00f4t dans le dialogue entre les besoins en termes de d\u00e9veloppement, de conscience, d\u2019urbanisation des populations ainsi que les besoins d\u00e9termin\u00e9s par l\u2019Histoire\u00bb.<\/p>\n<p>Comme il l\u2019avance, ce si\u00e8cle sera celui des villes. \u00abL\u2019urbanisation rend n\u00e9cessaire d\u2019am\u00e9liorer l\u2019intelligence collective. Et les \u00e9tudes d\u2019impact abondent dans ce sens\u00bb, encha\u00eene le ministre. A cet effet, il faut d\u00e9terminer, comme il le qualifie, \u00abun protocole de confiance\u00bb. D\u2019o\u00f9 l\u2019int\u00e9r\u00eat de l\u2019\u00e9tude d\u2019impact comme l\u2019indique le ministre qui rappelle l\u2019apport de l\u2019Icomos (organisation internationale non-gouvernementale \u0153uvrant dans la conservation des monuments), \u00e9galement partenaire de cet \u00e9v\u00e9nement. Dans ce protocole, il faut, selon le responsable, \u00abdes normes, voire injecter de la science dans la prise de d\u00e9cisions publiques\u00bb. Aussi, il faut associer, \u00e0 son sens, la quantit\u00e9 \u00e0 la qualit\u00e9. \u00abLa pr\u00e9servation, ce n\u2019est pas la quantit\u00e9 mais la fa\u00e7on de la faire\u00bb, explicite M. El Ferdaous qui met, en outre, l\u2019accent sur l\u2019input de \u00abla soci\u00e9t\u00e9 civile et la population locale\u00bb.<\/p>\n<p><span class=\"c6\"><strong>Garantir l\u2019ex\u00e9cution des \u00e9tudes d\u2019impact, credo de l\u2019Unesco<\/strong><\/span><\/p>\n<p>Egalement de la partie, Golda El-Khoury, directrice du bureau de l\u2019Unesco \u00e0 Rabat et repr\u00e9sentante pour le Maghreb, prend l\u2019\u00e9tude d\u2019impact sur le patrimoine comme \u00abmoyen pour pr\u00e9server le patrimoine\u00bb. Cette \u00e9tude est aussi un moyen d\u2019\u00e9valuation d\u2019un projet. \u00abIl faut en garantir l\u2019ex\u00e9cution\u00bb, poursuit-elle. Pour l\u2019intervenante, l\u2019impact peut \u00eatre n\u00e9gatif ou positif. \u00abDonc il faut trouver des alternatives pour all\u00e9ger les \u00e9volutions sur le patrimoine qui peut \u00eatre menac\u00e9 par un projet de d\u00e9veloppement\u00bb, temp\u00e8re la directrice. Elle fait \u00e9galement valoir \u00able besoin en \u00e9valuation de toute menace de la valeur universelle avant de prendre des d\u00e9cisions\u00bb. Aussi, l\u2019\u00e9valuation d\u2019impact est, \u00e0 son sens, destin\u00e9e \u00e0 cr\u00e9er un \u00ab\u00e9quilibre sur la sauvegarde du patrimoine\u00bb. Cependant, la r\u00e9alisation d\u2019\u00e9tudes d\u2019impact est un processus qu\u2019elle qualifie de \u00abdifficile\u00bb. Par l\u2019occasion, elle rappelle la collaboration permanente de l\u2019Unesco pour am\u00e9liorer les \u00e9tudes d\u2019impact tout en \u00e9voquant un guide dans ce sens. \u00abLes \u00e9tudes devraient \u00eatre mises en \u0153uvre d\u00e8s les premi\u00e8res phases des projets\u00bb, avance-t-elle.<\/p>\n<p><strong><span class=\"c6\">Regards internationaux sur Rabat<\/span><\/strong><\/p>\n<p>Dans la foul\u00e9e des interventions, Olivier Poisson, inspecteur des patrimoines honoraires au minist\u00e8re de la culture en France, qui met en avant les paysages culturels, estime que \u00able patrimoine moderne fa\u00e7onne la majorit\u00e9 de notre espace comme dans la ville de Rabat\u00bb. L\u2019intervenant, qui s\u2019exprime sur le d\u00e9cloisonnement des valeurs, ne manque pas d\u2019\u00e9voquer son apport pour un dossier de la capitale du Royaume. \u00abJ\u2019ai particip\u00e9 au dossier de Rabat pour la d\u00e9localisation de valeurs pour la construction d\u2019un patrimoine mondial\u00bb, exalte-t-il. A son tour, Daniele Pini, architecte urbaniste et expert en patrimoine mondial aupr\u00e8s de l\u2019Unesco, indique que \u00abpresque la moiti\u00e9 du patrimoine de Rabat est inscrite\u00bb.<\/p>\n<p>Cela \u00e9tant, il existe, comme le souligne Luisa De Marco, conseill\u00e8re principale d\u2019Icomos international, des d\u00e9fis au niveau des \u00e9tudes d\u2019impact. Ces challenges ont entre autres trait \u00e0 l\u2019ordre juridictionnel. \u00abIl est d\u00e9conseill\u00e9 de se focaliser uniquement sur les experts lorsque les communaut\u00e9s devraient \u00e9galement \u00eatre impliqu\u00e9es\u00bb, lance-t-elle lors de cette rencontre couronn\u00e9e de pr\u00e9conisations.<\/p>\n<div class=\"base-box mom_box_sc_custom mom_box_sc clear c7\">\n<p>Six recommandations<\/p>\n<ol>\n<li>\u00a0Amender, dans la loi 22-80, les dispositions<br \/>sur le patrimoine et les \u00e9tudes d\u2019impact<\/li>\n<li>\u00a0Mettre en place un cadre r\u00e9glementaire des<br \/>responsabilit\u00e9s pour mettre en oeuvre les \u00e9tudes<\/li>\n<li>\u00a0Pr\u00e9voir un m\u00e9canisme de financement des<br \/>\u00e9tudes en garantissant l\u2019impartialit\u00e9 de leur auteur<\/li>\n<li>\u00a0Se rapprocher d\u2019organes mondiaux pour<br \/>s\u2019en inspirer<\/li>\n<li>\u00a0Int\u00e9grer les th\u00e9matiques des \u00e9tudes d\u2019impact<br \/>du patrimoine et du paysage dans les formations.<\/li>\n<li>\u00a0Consolider les capacit\u00e9s des intervenants<br \/>en la mati\u00e8re.<\/li>\n<\/ol>\n<\/div>\n<p>Auteur: Salima Guisser<br \/>\n<a href=\"https:\/\/aujourdhui.ma\/culture\/etude-dimpact-patrimonial-a-rabat-lorientation-de-sar-lalla-hasna-comme-soubassement\">Cliquez ici pour lire l&rsquo;article depuis sa source.<\/a><\/p>\n","protected":false},"excerpt":{"rendered":"<p>\u00abD\u00e8s le dernier conseil d\u2019administration de la Fondation pour la sauvegarde du patrimoine culturel de Rabat, Son Altesse Royale la Princesse Lalla Hasna a tenu \u00e0 ce que la question d\u2019\u00e9tude d\u2019impact soit \u00e9rig\u00e9e au c\u0153ur de nos priorit\u00e9s particuli\u00e8rement l\u2019approche propre \u00e0 la ville de Rabat\u00bb. L\u2019orientation de SAR, qui pr\u00e9side cette structure, est [&hellip;]<\/p>\n","protected":false},"author":1759,"featured_media":0,"comment_status":"closed","ping_status":"closed","sticky":false,"template":"","format":"standard","meta":{"fifu_image_url":"http:\/\/aujourdhui.ma\/wp-content\/uploads\/2020\/11\/Lorientation-de-SAR-Lalla-Hasna-comme-soubassement.jpg","fifu_image_alt":"Etude d\u2019impact patrimonial \u00e0 Rabat : L\u2019orientation de SAR Lalla Hasna comme soubassement","footnotes":""},"categories":[73,54],"tags":[],"class_list":["post-105880","post","type-post","status-publish","format-standard","hentry","category-actualite","category-maroc"],"_links":{"self":[{"href":"https:\/\/linitiative.ca\/International\/wp-json\/wp\/v2\/posts\/105880","targetHints":{"allow":["GET"]}}],"collection":[{"href":"https:\/\/linitiative.ca\/International\/wp-json\/wp\/v2\/posts"}],"about":[{"href":"https:\/\/linitiative.ca\/International\/wp-json\/wp\/v2\/types\/post"}],"author":[{"embeddable":true,"href":"https:\/\/linitiative.ca\/International\/wp-json\/wp\/v2\/users\/1759"}],"replies":[{"embeddable":true,"href":"https:\/\/linitiative.ca\/International\/wp-json\/wp\/v2\/comments?post=105880"}],"version-history":[{"count":0,"href":"https:\/\/linitiative.ca\/International\/wp-json\/wp\/v2\/posts\/105880\/revisions"}],"wp:attachment":[{"href":"https:\/\/linitiative.ca\/International\/wp-json\/wp\/v2\/media?parent=105880"}],"wp:term":[{"taxonomy":"category","embeddable":true,"href":"https:\/\/linitiative.ca\/International\/wp-json\/wp\/v2\/categories?post=105880"},{"taxonomy":"post_tag","embeddable":true,"href":"https:\/\/linitiative.ca\/International\/wp-json\/wp\/v2\/tags?post=105880"}],"curies":[{"name":"wp","href":"https:\/\/api.w.org\/{rel}","templated":true}]}}