{"id":105903,"date":"2020-11-27T11:00:00","date_gmt":"2020-11-27T16:00:00","guid":{"rendered":"https:\/\/linitiative.ca\/International\/ryad-mahrez-a-la-juve-en-janvier\/"},"modified":"2020-11-27T11:00:00","modified_gmt":"2020-11-27T16:00:00","slug":"ryad-mahrez-a-la-juve-en-janvier","status":"publish","type":"post","link":"https:\/\/linitiative.ca\/International\/ryad-mahrez-a-la-juve-en-janvier\/","title":{"rendered":"Ryad Mahrez \u00e0 la Juve, en janvier\u00a0?"},"content":{"rendered":"<p class=\"p1 c3\"><span class=\"c2\">Un des \u00e9l\u00e9ments cl\u00e9s de Manchester City, Ryad Mahrez ne b\u00e9n\u00e9ficie pourtant pas de la confiance totale de Pep Guardiola. Une situation qui pourrait conduire \u00e0 son d\u00e9part en janvier prochain, et peut-\u00eatre pour la Juventus de Turin.<\/span><\/p>\n<p class=\"p1 c3\"><span class=\"c2\">Consid\u00e9r\u00e9 comme auteur d\u2019un mauvais match contre Tottenham en Premier League le week-end dernier, Ryad Mahrez aurait fait l\u2019objet d\u2019un message cod\u00e9 envoy\u00e9 par Pep Guardiola mardi, \u00e0 la veille du match contre l\u2019Olympiakos en Ligue des champions. Souvent critiqu\u00e9 par de nombreux observateurs quand il laisse l\u2019Alg\u00e9rien sur le banc, le technicien espagnol a pr\u00e9cis\u00e9 en conf\u00e9rence de presse que c\u2019est le rendement des joueurs qui d\u00e9termine leur pr\u00e9sence ou pas sur la liste des titulaires\u00a0:<\/span><\/p>\n<p class=\"p1 c3\"><span class=\"c2\">\u00ab La participation de tout joueur d\u00e9pend de sa performance sur le terrain. C\u2019est ce qui le fait jouer r\u00e9guli\u00e8rement \u00bb, a affirm\u00e9 alors le coach de Man City.\u00a0\u00ab Si l\u2019un des joueurs n\u2019accomplit pas bien son r\u00f4le, il y a une chance de le remplacer \u00bb, a ajout\u00e9 Guardiola. Des propos que beaucoup de m\u00e9dias du monde arabe et les fans alg\u00e9riens ont pris comme \u00e9tant formul\u00e9s \u00e0 l\u2019intention de Riyad Mahrez. Certains ont d\u2019ailleurs appel\u00e9 le Fennec \u00e0 quitter les Citizens lors du prochain mercato. Ce qui pourrait arriver quand on sait que l\u2019ancien joueur de Leicester City \u00e9tait encore sur le banc au coup d\u2019envoi du match contre l\u2019Olympiakos mercredi.<\/span><\/p>\n<p class=\"p1 c3\"><span class=\"c2\">En effet, la presse anglaise croit savoir que le capitaine de l\u2019\u00e9quipe nationale d\u2019Alg\u00e9rie pourrait quitter Manchester City lors du prochain mercato hivernal. \u00a0D\u2019apr\u00e8s la m\u00eame source, Ryad Mahrez pourrait rejoindre la Juventus, tandis que Paulo Dybala ferait le chemin inverse. Pep Guardiola appr\u00e9cierait beaucoup le profil du joueur argentin de la Juve et pourrait laisser Mahrez rejoindre la Vieille Dame pour l\u2019avoir.<\/span><\/p>\n<p>Auteur: letemps1<br \/>\n<a href=\"http:\/\/www.letemps.com.tn\/article\/118269\/ryad-mahrez-%C3%A0-la-juve-en-janvier%C2%A0\">Cliquez ici pour lire l&rsquo;article depuis sa source.<\/a><\/p>\n","protected":false},"excerpt":{"rendered":"<p>Un des \u00e9l\u00e9ments cl\u00e9s de Manchester City, Ryad Mahrez ne b\u00e9n\u00e9ficie pourtant pas de la confiance totale de Pep Guardiola. Une situation qui pourrait conduire \u00e0 son d\u00e9part en janvier prochain, et peut-\u00eatre pour la Juventus de Turin. Consid\u00e9r\u00e9 comme auteur d\u2019un mauvais match contre Tottenham en Premier League le week-end dernier, Ryad Mahrez aurait [&hellip;]<\/p>\n","protected":false},"author":1773,"featured_media":0,"comment_status":"closed","ping_status":"closed","sticky":false,"template":"","format":"standard","meta":{"fifu_image_url":"","fifu_image_alt":"","footnotes":""},"categories":[73,55],"tags":[],"class_list":["post-105903","post","type-post","status-publish","format-standard","hentry","category-actualite","category-tunisie"],"_links":{"self":[{"href":"https:\/\/linitiative.ca\/International\/wp-json\/wp\/v2\/posts\/105903","targetHints":{"allow":["GET"]}}],"collection":[{"href":"https:\/\/linitiative.ca\/International\/wp-json\/wp\/v2\/posts"}],"about":[{"href":"https:\/\/linitiative.ca\/International\/wp-json\/wp\/v2\/types\/post"}],"author":[{"embeddable":true,"href":"https:\/\/linitiative.ca\/International\/wp-json\/wp\/v2\/users\/1773"}],"replies":[{"embeddable":true,"href":"https:\/\/linitiative.ca\/International\/wp-json\/wp\/v2\/comments?post=105903"}],"version-history":[{"count":0,"href":"https:\/\/linitiative.ca\/International\/wp-json\/wp\/v2\/posts\/105903\/revisions"}],"wp:attachment":[{"href":"https:\/\/linitiative.ca\/International\/wp-json\/wp\/v2\/media?parent=105903"}],"wp:term":[{"taxonomy":"category","embeddable":true,"href":"https:\/\/linitiative.ca\/International\/wp-json\/wp\/v2\/categories?post=105903"},{"taxonomy":"post_tag","embeddable":true,"href":"https:\/\/linitiative.ca\/International\/wp-json\/wp\/v2\/tags?post=105903"}],"curies":[{"name":"wp","href":"https:\/\/api.w.org\/{rel}","templated":true}]}}