{"id":105910,"date":"2020-11-27T09:16:52","date_gmt":"2020-11-27T14:16:52","guid":{"rendered":"https:\/\/linitiative.ca\/International\/113401-ligue-2-la-reprise-des-entrainements-devrait-se-faire-en-decembre\/"},"modified":"2020-11-27T09:16:52","modified_gmt":"2020-11-27T14:16:52","slug":"113401-ligue-2-la-reprise-des-entrainements-devrait-se-faire-en-decembre","status":"publish","type":"post","link":"https:\/\/linitiative.ca\/International\/113401-ligue-2-la-reprise-des-entrainements-devrait-se-faire-en-decembre\/","title":{"rendered":"Ligue 2: la reprise des entra\u00eenements devrait se faire en d\u00e9cembre"},"content":{"rendered":"<div readability=\"39\">\n<p><strong>ALGER &#8211; Le pr\u00e9sident de la F\u00e9d\u00e9ration alg\u00e9rienne de football (FAF) Kheireddine Zetchi, a d\u00e9clar\u00e9 vendredi que les clubs de la Ligue 2 amateur devraient reprendre les entra\u00eenements en d\u00e9cembre prochain, sous r\u00e9serve de l&rsquo;accord des autorit\u00e9s sanitaires, huit mois apr\u00e8s la suspension des comp\u00e9titions, caus\u00e9e par la pand\u00e9mie de coronavirus (Covid-19).<\/strong><\/p>\n<\/div>\n<div readability=\"79.552375152253\">\n<p>\u00ab\u00a0Nous sommes dans l\u2019attente du feu vert des autorit\u00e9s pour autoriser les clubs de la Ligue 2 \u00e0 entamer les entra\u00eenement au mois de d\u00e9cembre. Le coup d\u2019envoi du championnat sera donn\u00e9 juste apr\u00e8s (en f\u00e9vrier, ndlr). Nous allons commencer d\u2019abord par la Ligue 2, apr\u00e8s on va aller au fur et \u00e0 mesure avec les autres championnats \u00ab\u00a0, a indiqu\u00e9 le patron de la FAF sur les ondes de la radio nationale.<\/p>\n<blockquote readability=\"8\">\n<p><em><strong>Apr\u00e8s huit mois de repos forc\u00e9, le championnat de la Ligue 1 professionnelle est de retour ce vendredi, avec le d\u00e9roulement des quatre premiers matchs de la premi\u00e8re journ\u00e9e.<\/strong><\/em><\/p>\n<\/blockquote>\n<p>\u00ab\u00a0Nous serons tr\u00e8s intransigeants sur l\u2019application du protocole sanitaire. Je sais que ce ne sera pas facile, mais les clubs devront jouer le jeu. Il va falloir faire preuve de beaucoup de rigueur. Toute le monde est appel\u00e9 \u00e0 respecter le calendrier, m\u00eame si nous savons qu\u2019il y a des clubs qui vont devoir jouer des comp\u00e9titions africaines.<\/p>\n<p>Nous allons nous adapter pour leur permettre de repr\u00e9senter comme il se doit les couleurs du pays \u00ab\u00a0, a-t-il ajout\u00e9.<\/p>\n<hr\/>\n<p><strong>Lire aussi:\u00a0<\/strong><a href=\"http:\/\/www.aps.dz\/sport\/113356-ligue-1-la-region-ouest-renoue-avec-ses-derbies-apres-l-accession-du-rcr-et-du-wat\">Ligue 1 : la r\u00e9gion Ouest renoue avec ses derbies apr\u00e8s l\u2019accession du RCR et du WAT<\/a><\/p>\n<hr\/>\n<p>Le pr\u00e9sident de la FAF est revenu sur le souhait de certains clubs de revoir le syst\u00e8me de comp\u00e9tition \u00e0 38 journ\u00e9es, estimant qu\u2019ils sont \u00a0\u00bb minoritaires\u00a0\u00bb pour esp\u00e9rer rouvrir le dossier.<\/p>\n<p>\u00ab\u00a0Nous avons invit\u00e9 les clubs au Centre de Sidi Moussa pour leur proposer trois variantes. Tout le monde \u00e9tait unanime \u00e0 choisir un championnat \u00e0 38 journ\u00e9es. Par la suite, \u00e0 deux semaines de la reprise j\u2019ai eu vent du souhait de certains clubs de rouvrir le dossier. Sur ce plan l\u00e0, j\u2019avais demand\u00e9 \u00e0 ce qu\u2019il y a au minimum 10 ou 15 clubs qui saisissent la Ligue de football (LFP) pour revoir le syst\u00e8me, mais il y a eu finalement 4 ou 5 demandes seulement, ce qui nous \u00e0 contraint \u00e0 maintenir la d\u00e9cision prise initialement\u00a0\u00bb.<\/p>\n<p>Enfin, Zetchi a refus\u00e9 l&rsquo;id\u00e9e de reporter des matchs cette saison, appelant les clubs \u00e0 puiser dans l\u2019\u00e9quipe r\u00e9serve pour jouer leurs matchs, en cas de force majeur li\u00e9e \u00e0 la pand\u00e9mie de Covid-19.<\/p>\n<p>\u00ab\u00a0Nous avons fait en sorte d\u2019\u00e9viter le report des matchs. Les clubs ont \u00e0 leur disposition outre les 27 joueurs de l\u2019\u00e9quipe seniors, mais \u00e9galement les 25 de la r\u00e9serve pour pouvoir jouer et \u00e9viter de reporter leurs rencontres. L&rsquo;objectif est d&rsquo;avancer r\u00e9guli\u00e8rement dans ce championnat, qui va \u00eatre long et transitoire \u00ab\u00a0, a-t-il conclu.<\/p>\n<\/div>\n<p>Auteur:<br \/>\n<a href=\"http:\/\/www.aps.dz\/sport\/113401-ligue-2-la-reprise-des-entrainements-devrait-se-faire-en-decembre?utm_source=feedburner&#038;utm_medium=feed&#038;utm_campaign=Feed%3A+aps-sport+%28APS+-+SPORT%29\">Cliquez ici pour lire l&rsquo;article depuis sa source.<\/a><\/p>\n","protected":false},"excerpt":{"rendered":"<p>ALGER &#8211; Le pr\u00e9sident de la F\u00e9d\u00e9ration alg\u00e9rienne de football (FAF) Kheireddine Zetchi, a d\u00e9clar\u00e9 vendredi que les clubs de la Ligue 2 amateur devraient reprendre les entra\u00eenements en d\u00e9cembre prochain, sous r\u00e9serve de l&rsquo;accord des autorit\u00e9s sanitaires, huit mois apr\u00e8s la suspension des comp\u00e9titions, caus\u00e9e par la pand\u00e9mie de coronavirus (Covid-19). \u00ab\u00a0Nous sommes dans [&hellip;]<\/p>\n","protected":false},"author":1790,"featured_media":0,"comment_status":"closed","ping_status":"closed","sticky":false,"template":"","format":"standard","meta":{"fifu_image_url":"","fifu_image_alt":"","footnotes":""},"categories":[53,75],"tags":[],"class_list":["post-105910","post","type-post","status-publish","format-standard","hentry","category-algerie","category-sport"],"_links":{"self":[{"href":"https:\/\/linitiative.ca\/International\/wp-json\/wp\/v2\/posts\/105910","targetHints":{"allow":["GET"]}}],"collection":[{"href":"https:\/\/linitiative.ca\/International\/wp-json\/wp\/v2\/posts"}],"about":[{"href":"https:\/\/linitiative.ca\/International\/wp-json\/wp\/v2\/types\/post"}],"author":[{"embeddable":true,"href":"https:\/\/linitiative.ca\/International\/wp-json\/wp\/v2\/users\/1790"}],"replies":[{"embeddable":true,"href":"https:\/\/linitiative.ca\/International\/wp-json\/wp\/v2\/comments?post=105910"}],"version-history":[{"count":0,"href":"https:\/\/linitiative.ca\/International\/wp-json\/wp\/v2\/posts\/105910\/revisions"}],"wp:attachment":[{"href":"https:\/\/linitiative.ca\/International\/wp-json\/wp\/v2\/media?parent=105910"}],"wp:term":[{"taxonomy":"category","embeddable":true,"href":"https:\/\/linitiative.ca\/International\/wp-json\/wp\/v2\/categories?post=105910"},{"taxonomy":"post_tag","embeddable":true,"href":"https:\/\/linitiative.ca\/International\/wp-json\/wp\/v2\/tags?post=105910"}],"curies":[{"name":"wp","href":"https:\/\/api.w.org\/{rel}","templated":true}]}}