{"id":105917,"date":"2020-11-27T09:58:00","date_gmt":"2020-11-27T14:58:00","guid":{"rendered":"https:\/\/linitiative.ca\/International\/situation-politique-en-algerie-goudjil-denonce-une-campagne-contre-lalgerie\/"},"modified":"2020-11-27T09:58:00","modified_gmt":"2020-11-27T14:58:00","slug":"situation-politique-en-algerie-goudjil-denonce-une-campagne-contre-lalgerie","status":"publish","type":"post","link":"https:\/\/linitiative.ca\/International\/situation-politique-en-algerie-goudjil-denonce-une-campagne-contre-lalgerie\/","title":{"rendered":"SITUATION POLITIQUE EN ALGERIE  : Goudjil  d\u00e9nonce une \u00ab\u00a0campagne\u00a0\u00bb contre l&rsquo;Alg\u00e9rie"},"content":{"rendered":"<p><br id=\"sep_para_1\" class=\"sep_para access\"\/><\/p>\n<div id=\"para_1\" class=\"para_39707489 resize\">\n<div class=\"texte access firstletter\">En effet, Salah Goudjil a indiqu\u00e9 que\u00a0 \u00ab\u00a0Certaines trompettes depuis l&rsquo;\u00e9tranger exploitent la maladie du pr\u00e9sident de la R\u00e9publique pour mener une guerre contre l&rsquo;Alg\u00e9rie et \u00e9chafaudent des sc\u00e9narii\u00a0\u00bb, dit-il, invitant \u00ab\u00a0les hommes sinc\u00e8res \u00e0 prendre la mesure de cette campagne et \u00e0 y faire face comme un seul homme\u00a0\u00bb Face \u00e0 cette campagne, Salah Goudjil\u00a0 met en avant l&rsquo;Arm\u00e9e en assenant que cette derni\u00e8re \u00ab\u00a0d\u00e9fend\u00a0 la stabilit\u00e9\u00a0 et la s\u00e9curit\u00e9 du pays , et c&rsquo;est la raison pour laquelle elle est aujourd&rsquo;hui la cible des attaques, comme l&rsquo;\u00e9tait l&rsquo;ALN du temps de la R\u00e9volution\u00a0\u00bb. Au sujet du regain de tension au Sahara occidental, le pr\u00e9sident par int\u00e9rim\u00a0 du Conseil de la Nation rappelle la position de principe de l&rsquo;Alg\u00e9rie, \u00e0 savoir explique t-il que \u00ab\u00a0le probl\u00e8me n&rsquo;est pas entre l&rsquo;Alg\u00e9rie et le Maroc, mais entre les autorit\u00e9s marocaines et le Sahara occidental et la solution r\u00e9side dans un r\u00e9f\u00e9rendum d&rsquo;autod\u00e9termination\u00a0 sous l&rsquo;\u00e9gide de l&rsquo;ONU pour permettre au peuple sahraoui de choisir\u00a0 son destin en toute souverainet\u00e9\u00a0\u00bb. A noter que\u00a0 les membres du Conseil de la Nation, au terme de deux jours de d\u00e9bats en pl\u00e9ni\u00e8re, ont vot\u00e9 jeudi \u00e0 la majorit\u00e9 le projet de loi de finance 2021, lors d&rsquo;une s\u00e9ance pl\u00e9ni\u00e8re pr\u00e9sid\u00e9e par le pr\u00e9sident par int\u00e9rim, Salah Goudjil. Un d\u00e9bat au cours duquel ils ont mis en relief l&rsquo;impacte n\u00e9gatif de la crise sanitaire sur l&rsquo;activit\u00e9 \u00e9conomique, demandant au Gouvernement la mise en application des recommandations\u00a0 de la Conf\u00e9rence sur la nouvelle strat\u00e9gie \u00e9conomique du pays.\u00a0 Face \u00e0 la r\u00e9duction des moyens financiers de l&rsquo;Alg\u00e9rie, les s\u00e9nateurs ont \u00e9galement demand\u00e9 au gouvernement la mise en place d&rsquo;une \u00ab\u00a0cartographie nationale\u00a0\u00bb qui permettrait de cibler les cat\u00e9gories sociales \u00e9ligibles aux subventions.\u00a0\u00a0 En tout, 120 s\u00e9nateurs ont vot\u00e9 en faveur du projet contre un seul qui s&rsquo;est abstenu lors de la s\u00e9ance de vote \u00e0 main lev\u00e9e, en pr\u00e9sence du ministre des Finances, Aymen Benabderahmane, qui a port\u00e9 ce projet, marqu\u00e9 du sceau de la rigueur drastique, du fait des contraintes financi\u00e8res que connait le pays. Vot\u00e9e par les deux chambres du parlement, la loi de finance 2021 attend d\u00e9sormais sa signature par le pr\u00e9sident de la R\u00e9publique, au cours de la traditionnelle\u00a0 c\u00e9r\u00e9monie protocolaire en fin d&rsquo;ann\u00e9e,\u00a0 \u00e0 laquelle seront pr\u00e9sents tous les membres du Gouvernement, puis sa publication dans le journal officielle pour entrer en vigueur \u00e0 partir du 1er janvier 2021.\u00a0\u00a0\u00a0\u00a0\u00a0<\/div>\n<\/div>\n<p>Auteur: Ismain<br \/>\n<a href=\"https:\/\/www.reflexiondz.net\/SITUATION-POLITIQUE-EN-ALGERIE-Goudjil-denonce-une-campagne-contre-l-Algerie_a66454.html\">Cliquez ici pour lire l&rsquo;article depuis sa source.<\/a><\/p>\n","protected":false},"excerpt":{"rendered":"<p>En effet, Salah Goudjil a indiqu\u00e9 que\u00a0 \u00ab\u00a0Certaines trompettes depuis l&rsquo;\u00e9tranger exploitent la maladie du pr\u00e9sident de la R\u00e9publique pour mener une guerre contre l&rsquo;Alg\u00e9rie et \u00e9chafaudent des sc\u00e9narii\u00a0\u00bb, dit-il, invitant \u00ab\u00a0les hommes sinc\u00e8res \u00e0 prendre la mesure de cette campagne et \u00e0 y faire face comme un seul homme\u00a0\u00bb Face \u00e0 cette campagne, Salah [&hellip;]<\/p>\n","protected":false},"author":1740,"featured_media":0,"comment_status":"closed","ping_status":"closed","sticky":false,"template":"","format":"standard","meta":{"fifu_image_url":"","fifu_image_alt":"","footnotes":""},"categories":[53,76],"tags":[],"class_list":["post-105917","post","type-post","status-publish","format-standard","hentry","category-algerie","category-regions"],"_links":{"self":[{"href":"https:\/\/linitiative.ca\/International\/wp-json\/wp\/v2\/posts\/105917","targetHints":{"allow":["GET"]}}],"collection":[{"href":"https:\/\/linitiative.ca\/International\/wp-json\/wp\/v2\/posts"}],"about":[{"href":"https:\/\/linitiative.ca\/International\/wp-json\/wp\/v2\/types\/post"}],"author":[{"embeddable":true,"href":"https:\/\/linitiative.ca\/International\/wp-json\/wp\/v2\/users\/1740"}],"replies":[{"embeddable":true,"href":"https:\/\/linitiative.ca\/International\/wp-json\/wp\/v2\/comments?post=105917"}],"version-history":[{"count":0,"href":"https:\/\/linitiative.ca\/International\/wp-json\/wp\/v2\/posts\/105917\/revisions"}],"wp:attachment":[{"href":"https:\/\/linitiative.ca\/International\/wp-json\/wp\/v2\/media?parent=105917"}],"wp:term":[{"taxonomy":"category","embeddable":true,"href":"https:\/\/linitiative.ca\/International\/wp-json\/wp\/v2\/categories?post=105917"},{"taxonomy":"post_tag","embeddable":true,"href":"https:\/\/linitiative.ca\/International\/wp-json\/wp\/v2\/tags?post=105917"}],"curies":[{"name":"wp","href":"https:\/\/api.w.org\/{rel}","templated":true}]}}