{"id":105918,"date":"2020-11-27T09:58:00","date_gmt":"2020-11-27T14:58:00","guid":{"rendered":"https:\/\/linitiative.ca\/International\/oran-explosion-dun-transformateur-electrique-60-30-kv-a-el-kerma\/"},"modified":"2020-11-27T09:58:00","modified_gmt":"2020-11-27T14:58:00","slug":"oran-explosion-dun-transformateur-electrique-60-30-kv-a-el-kerma","status":"publish","type":"post","link":"https:\/\/linitiative.ca\/International\/oran-explosion-dun-transformateur-electrique-60-30-kv-a-el-kerma\/","title":{"rendered":"ORAN : Explosion d&rsquo;un transformateur \u00e9lectrique 60\/30 kV \u00e0 El Kerma"},"content":{"rendered":"<p><br id=\"sep_para_1\" class=\"sep_para access\"\/><\/p>\n<div id=\"para_1\" class=\"para_39707444 resize\">\n<div class=\"texte access firstletter\">Un d\u00e9sastre a failli se produire au niveau du chef -lieu de la commune d&rsquo;El Kerma dans la soir\u00e9e de jeudi soir aux environs de huit heures Selon des t\u00e9moins oculaires l&rsquo;explosion est survenue \u00e0 l\u2019int\u00e9rieur d&rsquo;un transformateur \u00e9lectrique d&rsquo;une capacit\u00e9 de stockage 60\/30 kV de la\u00a0 Sonelgaz o\u00f9 des lignes \u00e9lectriques ont pris feu, l&rsquo;explosion a \u00e9t\u00e9 entendue par les habitants de la municipalit\u00e9. L&rsquo;explosion se serait produite aux environs de huit heures du soir, o\u00f9 les habitants du quartier \u00e0 proximit\u00e9 de la b\u00e2tisse qui abritait ledit transformateur ont \u00e9t\u00e9 pris de panique, pendant que les c\u00e2bles commen\u00e7aient \u00e0 br\u00fbler. Heureusement, il y eut plus de peur que de mal. L\u2019alimentation \u00e9lectrique de la zone a \u00e9t\u00e9 interrompue pendant la nuit\u00a0 pour les communes limitrophes notamment celles de Sidi Chahmi ,El Braya, et le village de Ha\u00ef Nedjma ex Chetaibo mais gr\u00e2ce aux \u00e9quipes de permanence de la soci\u00e9t\u00e9 Sonelgaz qui ont r\u00e9ussi\u00a0 \u00e0\u00a0 r\u00e9tablir le courant \u00e0 partir d&rsquo;un autre transformateur quelques heures apr\u00e8s. Selon\u00a0 un communiqu\u00e9 rendu public jeudi en d\u00e9but de soir\u00e9e, on apprend qu\u2019une explosion a eu lieu dans la cabine du\u00a0 transformateur \u00e9lectrique de la commune d&rsquo;El Kerma, au niveau de l&rsquo;isolant entourant le g\u00e9n\u00e9rateur principal sans occasionner de pertes humaines ou mat\u00e9rielles.\u00a0\u00bbLes citoyens des quartiers attenants \u00e0 la b\u00e2tisse du transformateur ont \u00e9t\u00e9 pris de panique \u00e0 la suite de l&rsquo;explosion qui a provoqu\u00e9 un bruit assourdissant en raison d&rsquo;une rupture au niveau de l&rsquo;isolant, ce qui a caus\u00e9 un court circuit\u00a0\u00bb, , confirm\u00e9 par les \u00e9l\u00e9ments des services de la protection civile de la wilaya d&rsquo;Oran qui ont inform\u00e9\u00a0 qu'\u00a0\u00bbaucune perte humaine ou mat\u00e9rielle n&rsquo;est \u00e0 d\u00e9plorer suite \u00e0 ce sinistre\u00a0\u00bb. Deux \u00e9quipes de la protection civile qui ont ma\u00eetris\u00e9 le feu\u00a0 dans un temps record, sont toujours sur place, \u00e9quip\u00e9es d&rsquo;un camion et d&rsquo;une ambulance pour suivre la situation\u00a0\u00bb. Le transformateur \u00e9lectrique 60\/30 kV qui b\u00e9n\u00e9ficie d&rsquo;une bonne couverture s\u00e9curitaire est hors service jusqu&rsquo;\u00e0 pr\u00e9sent. Les services de la SONELGAZ font leur possible pour r\u00e9parer la panne et r\u00e9tablir l&rsquo;approvisionnement des r\u00e9gions avoisinantes en \u00e9lectricit\u00e9\u00a0\u00bb.L\u2019explosion, dont l\u2019origine reste inconnue, a provoqu\u00e9 la rupture du courant \u00e9lectrique des villages et communes limitrophes mais les services de la Sonelgaz qui ont branch\u00e9 le courant \u00e0 partir d&rsquo;un autre transformateur sont arriv\u00e9s \u00e0 r\u00e9tablir le courant pour l&rsquo;ensemble des villages et quartiers avoisinantes. Le wali d&rsquo;0ran Messaoud Djari \u00e0 install\u00e9 une cellule de crise pour le suivi de l&rsquo;\u00e9volution du r\u00e9tablissement du courant. Une enqu\u00eate est ouverte par les \u00e9l\u00e9ments des services s\u00e9curitaires pour d\u00e9terminer les causes r\u00e9elles de cette explosion.\u00a0\u00a0\u00a0\u00a0\u00a0\u00a0\u00a0\u00a0\u00a0\u00a0\u00a0\u00a0\u00a0\u00a0\u00a0\u00a0\u00a0\u00a0<\/div>\n<\/div>\n<p>Auteur: Medjadji Habib<br \/>\n<a href=\"https:\/\/www.reflexiondz.net\/ORAN-Explosion-d-un-transformateur-electrique-60-30-kV-a-El-Kerma_a66451.html\">Cliquez ici pour lire l&rsquo;article depuis sa source.<\/a><\/p>\n","protected":false},"excerpt":{"rendered":"<p>Un d\u00e9sastre a failli se produire au niveau du chef -lieu de la commune d&rsquo;El Kerma dans la soir\u00e9e de jeudi soir aux environs de huit heures Selon des t\u00e9moins oculaires l&rsquo;explosion est survenue \u00e0 l\u2019int\u00e9rieur d&rsquo;un transformateur \u00e9lectrique d&rsquo;une capacit\u00e9 de stockage 60\/30 kV de la\u00a0 Sonelgaz o\u00f9 des lignes \u00e9lectriques ont pris feu, [&hellip;]<\/p>\n","protected":false},"author":1740,"featured_media":0,"comment_status":"closed","ping_status":"closed","sticky":false,"template":"","format":"standard","meta":{"fifu_image_url":"","fifu_image_alt":"","footnotes":""},"categories":[53,76],"tags":[],"class_list":["post-105918","post","type-post","status-publish","format-standard","hentry","category-algerie","category-regions"],"_links":{"self":[{"href":"https:\/\/linitiative.ca\/International\/wp-json\/wp\/v2\/posts\/105918","targetHints":{"allow":["GET"]}}],"collection":[{"href":"https:\/\/linitiative.ca\/International\/wp-json\/wp\/v2\/posts"}],"about":[{"href":"https:\/\/linitiative.ca\/International\/wp-json\/wp\/v2\/types\/post"}],"author":[{"embeddable":true,"href":"https:\/\/linitiative.ca\/International\/wp-json\/wp\/v2\/users\/1740"}],"replies":[{"embeddable":true,"href":"https:\/\/linitiative.ca\/International\/wp-json\/wp\/v2\/comments?post=105918"}],"version-history":[{"count":0,"href":"https:\/\/linitiative.ca\/International\/wp-json\/wp\/v2\/posts\/105918\/revisions"}],"wp:attachment":[{"href":"https:\/\/linitiative.ca\/International\/wp-json\/wp\/v2\/media?parent=105918"}],"wp:term":[{"taxonomy":"category","embeddable":true,"href":"https:\/\/linitiative.ca\/International\/wp-json\/wp\/v2\/categories?post=105918"},{"taxonomy":"post_tag","embeddable":true,"href":"https:\/\/linitiative.ca\/International\/wp-json\/wp\/v2\/tags?post=105918"}],"curies":[{"name":"wp","href":"https:\/\/api.w.org\/{rel}","templated":true}]}}