{"id":105919,"date":"2020-11-27T04:47:00","date_gmt":"2020-11-27T09:47:00","guid":{"rendered":"https:\/\/linitiative.ca\/International\/lambassadeur-dargentine-a-tunis-les-amateurs-de-football-noublieront-jamais-les-heures-de-bonheur-quils-doivent-a-maradona-video\/"},"modified":"2020-11-27T04:47:00","modified_gmt":"2020-11-27T09:47:00","slug":"lambassadeur-dargentine-a-tunis-les-amateurs-de-football-noublieront-jamais-les-heures-de-bonheur-quils-doivent-a-maradona-video","status":"publish","type":"post","link":"https:\/\/linitiative.ca\/International\/lambassadeur-dargentine-a-tunis-les-amateurs-de-football-noublieront-jamais-les-heures-de-bonheur-quils-doivent-a-maradona-video\/","title":{"rendered":"L&rsquo;ambassadeur d&rsquo;Argentine \u00e0 Tunis : les amateurs de football n&rsquo;oublieront jamais les heures de bonheur qu&rsquo;ils doivent \u00e0 Maradona (Vid\u00e9o)"},"content":{"rendered":"<p>Maradona, le petit g\u00e9nie argentin du ballon rond n&rsquo;est plus. La plan\u00e8te foot est en deuil, car ce ne sont pas seulement les Argentins, mais aussi toute la plan\u00e8te foot qui pleurent ce monument du football mondial. On n&rsquo;est pas pr\u00e8s d&rsquo;oublier les moments de bonheur que ce grand joueur nous avait procur\u00e9s,ses exploits dont il \u00e9tait seul capable et qui nous faisaient oublier ses \u00e9carts de conduite hors du terrain.<\/p>\n<p class=\"c2\"><iframe loading=\"lazy\" src=\"https:\/\/www.youtube.com\/embed\/MfgPzY0iwMA\" allow=\"accelerometer; autoplay; clipboard-write; encrypted-media; gyroscope; picture-in-picture\" allowfullscreen=\"\" width=\"560\" height=\"315\" frameborder=\"0\">[embedded content]<\/iframe><\/p>\n<p>L&rsquo;ambassadeur d&rsquo;Argentine \u00e0 Tunis a tenu \u00e0 remercier ceux qui on tenu \u00e0 s&rsquo;associer au deuil des Argentins et notamment les Tunisiens. Ces derniers se rappellent du geste de ce joueur qui avait tenu quelques ann\u00e9es apr\u00e8s le match de\u00a0 la Coupe du Monde en 1986 \u00e0 venir \u00e0 Tunis pour s&rsquo;excuser aupr\u00e8s de notre compatriote Ali Bennaceur qui arbitait le match pour l&rsquo;avoir induit en erreur en marquant un but irr\u00e9gulier.<\/p>\n<p><strong>Lire aussi<\/strong><\/p>\n<p><a href=\"https:\/\/www.leaders.com.tn\/article\/30989-le-gamin-en-or-diego-armando-maradona-est-mort\" target=\"_blank\" rel=\"noopener noreferrer\">\u00ab\u00a0Le gamin en or\u00a0\u00bb, Diego Armando Maradona est mort<\/a><\/p>\n<p>Auteur:<br \/>\n<a href=\"https:\/\/www.leaders.com.tn\/article\/30993-l-ambassadeur-d-argentine-a-tunis-les-amateurs-de-football-n-oublieront-jamais-les-heures-de-bonheur-qu-ils-doivent-a-maradona-video\">Cliquez ici pour lire l&rsquo;article depuis sa source.<\/a><\/p>\n","protected":false},"excerpt":{"rendered":"<p>Maradona, le petit g\u00e9nie argentin du ballon rond n&rsquo;est plus. La plan\u00e8te foot est en deuil, car ce ne sont pas seulement les Argentins, mais aussi toute la plan\u00e8te foot qui pleurent ce monument du football mondial. On n&rsquo;est pas pr\u00e8s d&rsquo;oublier les moments de bonheur que ce grand joueur nous avait procur\u00e9s,ses exploits dont [&hellip;]<\/p>\n","protected":false},"author":1772,"featured_media":0,"comment_status":"closed","ping_status":"closed","sticky":false,"template":"","format":"standard","meta":{"fifu_image_url":"","fifu_image_alt":"","footnotes":""},"categories":[73,55],"tags":[],"class_list":["post-105919","post","type-post","status-publish","format-standard","hentry","category-actualite","category-tunisie"],"_links":{"self":[{"href":"https:\/\/linitiative.ca\/International\/wp-json\/wp\/v2\/posts\/105919","targetHints":{"allow":["GET"]}}],"collection":[{"href":"https:\/\/linitiative.ca\/International\/wp-json\/wp\/v2\/posts"}],"about":[{"href":"https:\/\/linitiative.ca\/International\/wp-json\/wp\/v2\/types\/post"}],"author":[{"embeddable":true,"href":"https:\/\/linitiative.ca\/International\/wp-json\/wp\/v2\/users\/1772"}],"replies":[{"embeddable":true,"href":"https:\/\/linitiative.ca\/International\/wp-json\/wp\/v2\/comments?post=105919"}],"version-history":[{"count":0,"href":"https:\/\/linitiative.ca\/International\/wp-json\/wp\/v2\/posts\/105919\/revisions"}],"wp:attachment":[{"href":"https:\/\/linitiative.ca\/International\/wp-json\/wp\/v2\/media?parent=105919"}],"wp:term":[{"taxonomy":"category","embeddable":true,"href":"https:\/\/linitiative.ca\/International\/wp-json\/wp\/v2\/categories?post=105919"},{"taxonomy":"post_tag","embeddable":true,"href":"https:\/\/linitiative.ca\/International\/wp-json\/wp\/v2\/tags?post=105919"}],"curies":[{"name":"wp","href":"https:\/\/api.w.org\/{rel}","templated":true}]}}