{"id":105925,"date":"2020-11-27T16:55:23","date_gmt":"2020-11-27T21:55:23","guid":{"rendered":"https:\/\/linitiative.ca\/International\/tunisie-ne-sont-ils-pas-en-train-de-reveiller-les-regions-qui-sont-restee-calmes\/"},"modified":"2020-11-27T16:55:23","modified_gmt":"2020-11-27T21:55:23","slug":"tunisie-ne-sont-ils-pas-en-train-de-reveiller-les-regions-qui-sont-restee-calmes","status":"publish","type":"post","link":"https:\/\/linitiative.ca\/International\/tunisie-ne-sont-ils-pas-en-train-de-reveiller-les-regions-qui-sont-restee-calmes\/","title":{"rendered":"Tunisie \u2013 Ne sont-ils pas en train de r\u00e9veiller les r\u00e9gions qui sont rest\u00e9e calmes\u00a0?"},"content":{"rendered":"<div class=\"post-cont-in left relative\">\n<div id=\"post-info-wrap\" class=\"left relative post-info-out\">\n<div class=\"post-info-img left relative\"><img loading=\"lazy\" decoding=\"async\" alt=\"\" src=\"https:\/\/secure.gravatar.com\/avatar\/9f10b5e5a102bf8cc0ebfb84f5ab5652?s=50&amp;d=mm&amp;r=g\" srcset=\"https:\/\/secure.gravatar.com\/avatar\/9f10b5e5a102bf8cc0ebfb84f5ab5652?s=100&amp;d=mm&amp;r=g 2x\" class=\"avatar avatar-50 photo\" height=\"50\" width=\"50\"\/><\/div>\n<div class=\"post-info-in\">\n<div class=\"post-info-right left relative post-info-name left relative\"><span itemprop=\"author\" itemscope=\"\" itemtype=\"https:\/\/schema.org\/Person\"><span class=\"post-info-text\">Par<\/span> <span class=\"author-name vcard fn author\" itemprop=\"name\"><a href=\"https:\/\/www.tunisienumerique.com\/author\/ramsis\/\" title=\"Articles par Ramsis\" rel=\"author\">Ramsis<\/a><\/span><\/span> <span class=\"post-date updated\"><time class=\"post-date updated\" itemprop=\"datePublished\" datetime=\"2020-11-27\">\u00a0| Il y a 15 minutes<\/time><\/span><\/div>\n<div class=\"left relative\"><button id=\"listenButton1\" class=\"responsivevoice-button\" type=\"button\" value=\"Play\" title=\"&#xC9;coutez l'article\"><span>\ud83d\udd0a \u00c9coutez l&rsquo;article<\/span><\/button> <\/div>\n<\/div>\n<\/div>\n<p>On se demande bien selon quelle logique op\u00e8re le gouvernement, pour se pencher sur les probl\u00e8mes des r\u00e9gions.<\/p>\n<div class=\"code-block code-block-1 c4\"><ins class=\"adsbygoogle c3\" data-ad-layout=\"in-article\" data-ad-format=\"fluid\" data-ad-client=\"ca-pub-2102118777505746\" data-ad-slot=\"7301775417\"\/> <\/div>\n<p>En effet, au lieu de s\u2019occuper des r\u00e9gions qui sont sujettes \u00e0 des mouvements sociaux et qui en sont arriv\u00e9s \u00e0 bloquer la production de produits aussi vitaux que le gaz, le p\u00e9trole ou le phosphate, on dirait que le gouvernement ne s\u2019en \u00e9meut gu\u00e8re et qu\u2019il cherche plut\u00f4t \u00e0 titiller des r\u00e9gions qui ne demandaient qu\u2019\u00e0 rester tranquilles.<\/p>\n<p>Alors que les protestations secouaient Gab\u00e9s et Sfax et mena\u00e7aient d\u2019\u00e9touffer le pays, en bloquant plusieurs sites de production, le gouvernement a jug\u00e9 bon, on ne sait pour quelle raison, de se tourner vers Gafsa, qui ne demandait rien. R\u00e9sultat des courses, les citoyens dans cette r\u00e9gion ne d\u00e9col\u00e8rent pas, depuis l\u2019annonce de mesures pour lesquelles ils n\u2019avaient forc\u00e9 la main de personne.<\/p>\n<p>Aujourd\u2019hui, alors que \u00e7\u00e0 flambe toujours \u00e0 Gabes et Sfax et que \u00e7\u00e0 secoue \u00e0 Gafsa, \u00e0 Kairouan, \u00e0 B\u00e9ja et on en passe\u2026, le gouvernement a d\u00e9cid\u00e9 de r\u00e9gler les probl\u00e8mes de M\u00e9denine. Esp\u00e9rons, au moins que \u00e7\u00e0 ne r\u00e9veille pas cette r\u00e9gion, qui, quand elle s\u2019\u00e9veille, ravive les risques inh\u00e9rents \u00e0 la Libye voisine.<\/p>\n<p>Le chef du gouvernement s\u2019est, en effet r\u00e9uni ce vendredi, \u00e0 La Kasbah, en pr\u00e9sence de certains de ses ministres, avec le Secr\u00e9taire g\u00e9n\u00e9ral de l\u2019UGTT, le gouverneur de M\u00e9denine et quelques cadres repr\u00e9sentant la r\u00e9gion.<\/p>\n<p>Outre le timing de cette r\u00e9union, qui survient \u00e0 quelques heures de la discussion en pl\u00e9ni\u00e8re \u00e0 l\u2019ARP du PLF, un autre d\u00e9tail interpelle.\u00a0 Autour de la table de la r\u00e9union, le gouverneur de M\u00e9denine a pris place \u00e0 c\u00f4t\u00e9 des repr\u00e9sentants de la r\u00e9gion et non pas de ceux de l\u2019Etat.<\/p>\n<p>Si on comprend bien cette bizarrerie du protocole, on dirait que le gouverneur n\u2019est plus le repr\u00e9sentant de l\u2019Etat, dans la r\u00e9gion, mais il serait devenu celui de la r\u00e9gion aupr\u00e8s de l\u2019Etat\u00a0!<\/p>\n<p><a href=\"https:\/\/www.tunisienumerique.com\/tunisie-ne-sont-ils-pas-en-train-de-reveiller-les-regions-qui-sont-restee-calmes\/med1-2\/\" rel=\"attachment wp-att-591017\"><img loading=\"lazy\" decoding=\"async\" class=\"aligncenter size-full wp-image-591017\" src=\"https:\/\/www.tunisienumerique.com\/wp-content\/uploads\/2020\/11\/med1.jpg\" alt=\"\" width=\"640\" height=\"427\" srcset=\"https:\/\/www.tunisienumerique.com\/wp-content\/uploads\/2020\/11\/med1.jpg 640w, https:\/\/www.tunisienumerique.com\/wp-content\/uploads\/2020\/11\/med1-600x400.jpg 600w\" sizes=\"auto, (max-width: 640px) 100vw, 640px\"\/><\/a><\/p>\n<p><a href=\"https:\/\/www.tunisienumerique.com\/tunisie-ne-sont-ils-pas-en-train-de-reveiller-les-regions-qui-sont-restee-calmes\/med2-2\/\" rel=\"attachment wp-att-591018\"><img loading=\"lazy\" decoding=\"async\" class=\"aligncenter size-full wp-image-591018\" src=\"https:\/\/www.tunisienumerique.com\/wp-content\/uploads\/2020\/11\/med2.jpg\" alt=\"\" width=\"640\" height=\"427\" srcset=\"https:\/\/www.tunisienumerique.com\/wp-content\/uploads\/2020\/11\/med2.jpg 640w, https:\/\/www.tunisienumerique.com\/wp-content\/uploads\/2020\/11\/med2-600x400.jpg 600w\" sizes=\"auto, (max-width: 640px) 100vw, 640px\"\/><\/a><\/p>\n<div class=\"swp_social_panel swp_horizontal_panel swp_flat_fresh swp_default_full_color swp_individual_full_color swp_other_full_color scale-100 scale-\" data-min-width=\"1100\" data-float-color=\"#ffffff\" data-float=\"bottom\" data-float-mobile=\"bottom\" data-transition=\"slide\">\n<div class=\"nc_tweetContainer swp_share_button total_shares total_sharesalt\"><span class=\"swp_count\">1 <span class=\"swp_label\">Partages<\/span><\/span><\/div>\n<\/div>\n<p><strong>Que se passe-t-il en Tunisie?<\/strong><br \/>Nous expliquons sur notre <a href=\"https:\/\/www.youtube.com\/channel\/UCRzypVq0B_yBad5eGrwBx0Q?sub_confirmation=1\" target=\"_blank\" rel=\"noopener noreferrer\">cha\u00eene YouTube<\/a> . <a href=\"https:\/\/www.youtube.com\/channel\/UCRzypVq0B_yBad5eGrwBx0Q?sub_confirmation=1\" target=\"_blank\" rel=\"noopener noreferrer\">Abonnez-vous!<\/a><\/p>\n<div class=\"mvp-org-wrap mvp-org-logo\" itemprop=\"publisher\" itemscope=\"\" itemtype=\"https:\/\/schema.org\/Organization\"><img decoding=\"async\" src=\"https:\/\/www.tunisienumerique.com\/wp-content\/uploads\/2017\/02\/logo_tunisie_numerique.png\"\/><\/div>\n<div class=\"mvp-related-posts left relative\">\n<h4 class=\"post-header\"><span class=\"post-header\">Lire aussi<\/span><\/h4>\n<\/div>\n<div id=\"article-ad\"><ins class=\"adsbygoogle c5\" data-ad-client=\"ca-pub-2102118777505746\" data-ad-slot=\"6513972734\" data-ad-format=\"auto\" data-full-width-responsive=\"true\"\/> <\/div>\n<\/div>\n<div id=\"post-sidebar-wrap\"><ins class=\"adsbygoogle c5\" data-ad-client=\"ca-pub-2102118777505746\" data-ad-slot=\"6168283410\" data-ad-format=\"auto\" data-full-width-responsive=\"true\"\/> <\/div>\n<p>Auteur: Ramsis<br \/>\n<a href=\"https:\/\/www.tunisienumerique.com\/tunisie-ne-sont-ils-pas-en-train-de-reveiller-les-regions-qui-sont-restee-calmes\/\">Cliquez ici pour lire l&rsquo;article depuis sa source.<\/a><\/p>\n","protected":false},"excerpt":{"rendered":"<p>Par Ramsis \u00a0| Il y a 15 minutes \ud83d\udd0a \u00c9coutez l&rsquo;article On se demande bien selon quelle logique op\u00e8re le gouvernement, pour se pencher sur les probl\u00e8mes des r\u00e9gions. En effet, au lieu de s\u2019occuper des r\u00e9gions qui sont sujettes \u00e0 des mouvements sociaux et qui en sont arriv\u00e9s \u00e0 bloquer la production de produits [&hellip;]<\/p>\n","protected":false},"author":1789,"featured_media":0,"comment_status":"closed","ping_status":"closed","sticky":false,"template":"","format":"standard","meta":{"fifu_image_url":"https:\/\/secure.gravatar.com\/avatar\/9f10b5e5a102bf8cc0ebfb84f5ab5652?s=50&d=mm&r=g","fifu_image_alt":"Tunisie \u2013 Ne sont-ils pas en train de r\u00e9veiller les r\u00e9gions qui sont rest\u00e9e calmes\u00a0?","footnotes":""},"categories":[73,55],"tags":[],"class_list":["post-105925","post","type-post","status-publish","format-standard","hentry","category-actualite","category-tunisie"],"_links":{"self":[{"href":"https:\/\/linitiative.ca\/International\/wp-json\/wp\/v2\/posts\/105925","targetHints":{"allow":["GET"]}}],"collection":[{"href":"https:\/\/linitiative.ca\/International\/wp-json\/wp\/v2\/posts"}],"about":[{"href":"https:\/\/linitiative.ca\/International\/wp-json\/wp\/v2\/types\/post"}],"author":[{"embeddable":true,"href":"https:\/\/linitiative.ca\/International\/wp-json\/wp\/v2\/users\/1789"}],"replies":[{"embeddable":true,"href":"https:\/\/linitiative.ca\/International\/wp-json\/wp\/v2\/comments?post=105925"}],"version-history":[{"count":0,"href":"https:\/\/linitiative.ca\/International\/wp-json\/wp\/v2\/posts\/105925\/revisions"}],"wp:attachment":[{"href":"https:\/\/linitiative.ca\/International\/wp-json\/wp\/v2\/media?parent=105925"}],"wp:term":[{"taxonomy":"category","embeddable":true,"href":"https:\/\/linitiative.ca\/International\/wp-json\/wp\/v2\/categories?post=105925"},{"taxonomy":"post_tag","embeddable":true,"href":"https:\/\/linitiative.ca\/International\/wp-json\/wp\/v2\/tags?post=105925"}],"curies":[{"name":"wp","href":"https:\/\/api.w.org\/{rel}","templated":true}]}}