{"id":105926,"date":"2020-11-27T17:00:16","date_gmt":"2020-11-27T22:00:16","guid":{"rendered":"https:\/\/linitiative.ca\/International\/tunisie-mohamed-abbou-bientot-nous-atteindrons-dix-ans-de-revolution-vouee-a-lechec\/"},"modified":"2020-11-27T17:00:16","modified_gmt":"2020-11-27T22:00:16","slug":"tunisie-mohamed-abbou-bientot-nous-atteindrons-dix-ans-de-revolution-vouee-a-lechec","status":"publish","type":"post","link":"https:\/\/linitiative.ca\/International\/tunisie-mohamed-abbou-bientot-nous-atteindrons-dix-ans-de-revolution-vouee-a-lechec\/","title":{"rendered":"Tunisie-Mohamed Abbou: Bient\u00f4t nous atteindrons dix ans de r\u00e9volution vou\u00e9e \u00e0 l\u2019\u00e9chec"},"content":{"rendered":"<div class=\"post-cont-in left relative\">\n<div id=\"post-info-wrap\" class=\"left relative post-info-out\">\n<div class=\"post-info-img left relative\"><img loading=\"lazy\" decoding=\"async\" alt=\"\" src=\"https:\/\/secure.gravatar.com\/avatar\/ea481d7287ad38ca1787f44b5bb1b70e?s=50&amp;d=mm&amp;r=g\" srcset=\"https:\/\/secure.gravatar.com\/avatar\/ea481d7287ad38ca1787f44b5bb1b70e?s=100&amp;d=mm&amp;r=g 2x\" class=\"avatar avatar-50 photo\" height=\"50\" width=\"50\"\/><\/div>\n<div class=\"post-info-in\">\n<div class=\"post-info-right left relative post-info-name left relative\"><span itemprop=\"author\" itemscope=\"\" itemtype=\"https:\/\/schema.org\/Person\"><span class=\"post-info-text\">Par<\/span> <span class=\"author-name vcard fn author\" itemprop=\"name\"><a href=\"https:\/\/www.tunisienumerique.com\/author\/rania-ben-slimane\/\" title=\"Articles par rania ben slimane\" rel=\"author\">rania ben slimane<\/a><\/span><\/span> <span class=\"post-date updated\"><time class=\"post-date updated\" itemprop=\"datePublished\" datetime=\"2020-11-27\">\u00a0| Il y a 13 minutes<\/time><\/span><\/div>\n<div class=\"left relative\"><button id=\"listenButton1\" class=\"responsivevoice-button\" type=\"button\" value=\"Play\" title=\"&#xC9;coutez l'article\"><span>\ud83d\udd0a \u00c9coutez l&rsquo;article<\/span><\/button> <\/div>\n<\/div>\n<\/div>\n<p>Le leader du Courant D\u00e9mocrate, Mohamed Abbou a d\u00e9nonc\u00e9 dans un statut publi\u00e9 sur sa page officielle le 27 novembre 2020, le nouvel article relatif \u00e0 la cr\u00e9ation d\u2019un comit\u00e9 de suivi des questions fiscales, qui a \u00e9t\u00e9 ajout\u00e9 \u00e0 la loi de finances compl\u00e9mentaire pour l\u2019ann\u00e9e 2020 sous la pression du parti C\u0153ur de Tunisie.<\/p>\n<div class=\"code-block code-block-1 c4\"><ins class=\"adsbygoogle c3\" data-ad-layout=\"in-article\" data-ad-format=\"fluid\" data-ad-client=\"ca-pub-2102118777505746\" data-ad-slot=\"7301775417\"\/> <\/div>\n<p><em>\u00ab\u00a0Au profit de qui l\u2019article relatif \u00e0 la cr\u00e9ation d\u2019un comit\u00e9 de suivi et d\u2019encadrement des proc\u00e9dures de l\u2019emploi, la r\u00e9cup\u00e9ration et l\u2019extraction des imp\u00f4ts\u00a0? Et soulignez l\u2019expression \u00ab\u00a0extraction\u00a0\u00bb. \u00a0Cet article a \u00e9t\u00e9-il ajout\u00e9 au projet de l\u2019amendement de la loi des finances sous la menace de Kalb Tounes pour qu\u2019elle approuve le projet de loi\u00a0?\u00a0\u00bb,<\/em> a-t-il d\u00e9clar\u00e9<\/p>\n<p>Abbou a \u00e9galement rappel\u00e9 aux tunisiens qu\u2019ils vont bient\u00f4t f\u00eater \u00ab 10 ans d\u2019une r\u00e9volution vou\u00e9e \u00e0 l\u2019\u00e9chec \u00bb et les a appel\u00e9 \u00e0 ne pas comptez sur la justice pour sanctionner les corrompus.<\/p>\n<p>A propos de son exp\u00e9rience au pouvoir, il s\u2019est adress\u00e9 \u00e0 ses d\u00e9tracteurs <em>\u00ab Nous avons fait ce vous ne pouviez pas oser et ce que tous les gouvernements pr\u00e9c\u00e9dents n\u2019avaient pas os\u00e9. C\u2019est pourquoi, nous avons \u00e9t\u00e9 le gouvernement le plus \u00e9ph\u00e9m\u00e8re. \u00bb<\/em><\/p>\n<p><img loading=\"lazy\" decoding=\"async\" class=\"size-medium wp-image-591019 aligncenter\" src=\"https:\/\/www.tunisienumerique.com\/wp-content\/uploads\/2020\/11\/statut-mohamed-abbou.png\" alt=\"\" width=\"496\" height=\"352\"\/><\/p>\n<p><img loading=\"lazy\" decoding=\"async\" class=\"size-full wp-image-591016 aligncenter\" src=\"https:\/\/www.tunisienumerique.com\/wp-content\/uploads\/2020\/11\/article-loi-des-finances.jpg\" alt=\"\" width=\"515\" height=\"600\"\/><\/p>\n<div class=\"swp_social_panel swp_horizontal_panel swp_flat_fresh swp_default_full_color swp_individual_full_color swp_other_full_color scale-100 scale-\" data-min-width=\"1100\" data-float-color=\"#ffffff\" data-float=\"bottom\" data-float-mobile=\"bottom\" data-transition=\"slide\">\n<div class=\"nc_tweetContainer swp_share_button total_shares total_sharesalt\"><span class=\"swp_count\">3 <span class=\"swp_label\">Partages<\/span><\/span><\/div>\n<\/div>\n<p><strong>Que se passe-t-il en Tunisie?<\/strong><br \/>Nous expliquons sur notre <a href=\"https:\/\/www.youtube.com\/channel\/UCRzypVq0B_yBad5eGrwBx0Q?sub_confirmation=1\" target=\"_blank\" rel=\"noopener noreferrer\">cha\u00eene YouTube<\/a> . <a href=\"https:\/\/www.youtube.com\/channel\/UCRzypVq0B_yBad5eGrwBx0Q?sub_confirmation=1\" target=\"_blank\" rel=\"noopener noreferrer\">Abonnez-vous!<\/a><\/p>\n<div class=\"mvp-org-wrap mvp-org-logo\" itemprop=\"publisher\" itemscope=\"\" itemtype=\"https:\/\/schema.org\/Organization\"><img decoding=\"async\" src=\"https:\/\/www.tunisienumerique.com\/wp-content\/uploads\/2017\/02\/logo_tunisie_numerique.png\"\/><\/div>\n<div class=\"mvp-related-posts left relative\">\n<h4 class=\"post-header\"><span class=\"post-header\">Lire aussi<\/span><\/h4>\n<\/div>\n<div id=\"article-ad\"><ins class=\"adsbygoogle c5\" data-ad-client=\"ca-pub-2102118777505746\" data-ad-slot=\"6513972734\" data-ad-format=\"auto\" data-full-width-responsive=\"true\"\/> <\/div>\n<\/div>\n<div id=\"post-sidebar-wrap\"><ins class=\"adsbygoogle c5\" data-ad-client=\"ca-pub-2102118777505746\" data-ad-slot=\"6168283410\" data-ad-format=\"auto\" data-full-width-responsive=\"true\"\/> <\/div>\n<p>Auteur: rania ben slimane<br \/>\n<a href=\"https:\/\/www.tunisienumerique.com\/tunisie-mohamed-abbou-bientot-nous-atteindrons-dix-ans-de-revolution-vouee-a-lechec\/\">Cliquez ici pour lire l&rsquo;article depuis sa source.<\/a><\/p>\n","protected":false},"excerpt":{"rendered":"<p>Par rania ben slimane \u00a0| Il y a 13 minutes \ud83d\udd0a \u00c9coutez l&rsquo;article Le leader du Courant D\u00e9mocrate, Mohamed Abbou a d\u00e9nonc\u00e9 dans un statut publi\u00e9 sur sa page officielle le 27 novembre 2020, le nouvel article relatif \u00e0 la cr\u00e9ation d\u2019un comit\u00e9 de suivi des questions fiscales, qui a \u00e9t\u00e9 ajout\u00e9 \u00e0 la loi [&hellip;]<\/p>\n","protected":false},"author":1789,"featured_media":0,"comment_status":"closed","ping_status":"closed","sticky":false,"template":"","format":"standard","meta":{"fifu_image_url":"https:\/\/secure.gravatar.com\/avatar\/ea481d7287ad38ca1787f44b5bb1b70e?s=50&d=mm&r=g","fifu_image_alt":"Tunisie-Mohamed Abbou: Bient\u00f4t nous atteindrons dix ans de r\u00e9volution vou\u00e9e \u00e0 l\u2019\u00e9chec","footnotes":""},"categories":[73,55],"tags":[],"class_list":["post-105926","post","type-post","status-publish","format-standard","hentry","category-actualite","category-tunisie"],"_links":{"self":[{"href":"https:\/\/linitiative.ca\/International\/wp-json\/wp\/v2\/posts\/105926","targetHints":{"allow":["GET"]}}],"collection":[{"href":"https:\/\/linitiative.ca\/International\/wp-json\/wp\/v2\/posts"}],"about":[{"href":"https:\/\/linitiative.ca\/International\/wp-json\/wp\/v2\/types\/post"}],"author":[{"embeddable":true,"href":"https:\/\/linitiative.ca\/International\/wp-json\/wp\/v2\/users\/1789"}],"replies":[{"embeddable":true,"href":"https:\/\/linitiative.ca\/International\/wp-json\/wp\/v2\/comments?post=105926"}],"version-history":[{"count":0,"href":"https:\/\/linitiative.ca\/International\/wp-json\/wp\/v2\/posts\/105926\/revisions"}],"wp:attachment":[{"href":"https:\/\/linitiative.ca\/International\/wp-json\/wp\/v2\/media?parent=105926"}],"wp:term":[{"taxonomy":"category","embeddable":true,"href":"https:\/\/linitiative.ca\/International\/wp-json\/wp\/v2\/categories?post=105926"},{"taxonomy":"post_tag","embeddable":true,"href":"https:\/\/linitiative.ca\/International\/wp-json\/wp\/v2\/tags?post=105926"}],"curies":[{"name":"wp","href":"https:\/\/api.w.org\/{rel}","templated":true}]}}