{"id":105930,"date":"2020-11-27T16:18:02","date_gmt":"2020-11-27T21:18:02","guid":{"rendered":"https:\/\/linitiative.ca\/International\/inhumation-a-abidjan-du-journaliste-ivoirien-mamadou-doumbia-dit-doumbes\/"},"modified":"2020-11-27T16:18:02","modified_gmt":"2020-11-27T21:18:02","slug":"inhumation-a-abidjan-du-journaliste-ivoirien-mamadou-doumbia-dit-doumbes","status":"publish","type":"post","link":"https:\/\/linitiative.ca\/International\/inhumation-a-abidjan-du-journaliste-ivoirien-mamadou-doumbia-dit-doumbes\/","title":{"rendered":"Inhumation \u00e0 Abidjan du journaliste ivoirien Mamadou Doumbia dit Doumbes"},"content":{"rendered":"<div readability=\"32\">\n<p>Publi\u00e9 le 27.11.2020 \u00e0 22h18 par APA News<\/p>\n<\/div>\n<div readability=\"49\">\n<p>Le journaliste ivoirien Mamadou Doumbia dit Doumb\u00e8s, sous-directeur de la communication et des relations publiques au minist\u00e8re de la communication et des m\u00e9dias, a \u00e9t\u00e9 inhum\u00e9 vendredi au cimeti\u00e8re de Williamsville au centre d\u2019Abidjan.<\/p>\n<p>Journaliste de renom et membre-fondateur de l\u2019Union des journalistes et communicateurs musulmans de C\u00f4te d\u2019Ivoire (UJCOMCI), El Hadj Mamadou Doumbia a \u00e9t\u00e9 conduit \u00e0 sa derni\u00e8re demeure en pr\u00e9sence de plusieurs personnalit\u00e9s, des membres de sa biologique et professionnelle.\u00a0<\/p>\n<p>D\u00e9c\u00e9d\u00e9 dimanche dernier des suites d\u2019une longue maladie selon son en entourage, Doumbes \u00e9tait \u00e9galement le pr\u00e9sident du R\u00e9seau des acteurs des m\u00e9dias pour les droits de l\u2019enfant en C\u00f4te d\u2019Ivoire (RAMEDE-CI), une organisation associative regroupant des professionnels de la communication et des personnes sensibles \u00e0 la cause des enfants.<\/p>\n<\/div>\n<p>Auteur: APA News<br \/>\n<a href=\"https:\/\/www.journalducameroun.com\/inhumation-a-abidjan-du-journaliste-ivoirien-mamadou-doumbia-dit-doumbes\/\">Cliquez ici pour lire l&rsquo;article depuis sa source.<\/a><\/p>\n","protected":false},"excerpt":{"rendered":"<p>Publi\u00e9 le 27.11.2020 \u00e0 22h18 par APA News Le journaliste ivoirien Mamadou Doumbia dit Doumb\u00e8s, sous-directeur de la communication et des relations publiques au minist\u00e8re de la communication et des m\u00e9dias, a \u00e9t\u00e9 inhum\u00e9 vendredi au cimeti\u00e8re de Williamsville au centre d\u2019Abidjan. Journaliste de renom et membre-fondateur de l\u2019Union des journalistes et communicateurs musulmans de [&hellip;]<\/p>\n","protected":false},"author":1965,"featured_media":0,"comment_status":"closed","ping_status":"closed","sticky":false,"template":"","format":"standard","meta":{"fifu_image_url":"","fifu_image_alt":"","footnotes":""},"categories":[73,82],"tags":[],"class_list":["post-105930","post","type-post","status-publish","format-standard","hentry","category-actualite","category-cameroun"],"_links":{"self":[{"href":"https:\/\/linitiative.ca\/International\/wp-json\/wp\/v2\/posts\/105930","targetHints":{"allow":["GET"]}}],"collection":[{"href":"https:\/\/linitiative.ca\/International\/wp-json\/wp\/v2\/posts"}],"about":[{"href":"https:\/\/linitiative.ca\/International\/wp-json\/wp\/v2\/types\/post"}],"author":[{"embeddable":true,"href":"https:\/\/linitiative.ca\/International\/wp-json\/wp\/v2\/users\/1965"}],"replies":[{"embeddable":true,"href":"https:\/\/linitiative.ca\/International\/wp-json\/wp\/v2\/comments?post=105930"}],"version-history":[{"count":0,"href":"https:\/\/linitiative.ca\/International\/wp-json\/wp\/v2\/posts\/105930\/revisions"}],"wp:attachment":[{"href":"https:\/\/linitiative.ca\/International\/wp-json\/wp\/v2\/media?parent=105930"}],"wp:term":[{"taxonomy":"category","embeddable":true,"href":"https:\/\/linitiative.ca\/International\/wp-json\/wp\/v2\/categories?post=105930"},{"taxonomy":"post_tag","embeddable":true,"href":"https:\/\/linitiative.ca\/International\/wp-json\/wp\/v2\/tags?post=105930"}],"curies":[{"name":"wp","href":"https:\/\/api.w.org\/{rel}","templated":true}]}}