{"id":105939,"date":"2020-11-27T14:56:56","date_gmt":"2020-11-27T19:56:56","guid":{"rendered":"https:\/\/linitiative.ca\/International\/les-leaders-des-partis-politiques-en-visite-a-el-guerguarat\/"},"modified":"2020-11-27T14:56:56","modified_gmt":"2020-11-27T19:56:56","slug":"les-leaders-des-partis-politiques-en-visite-a-el-guerguarat","status":"publish","type":"post","link":"https:\/\/linitiative.ca\/International\/les-leaders-des-partis-politiques-en-visite-a-el-guerguarat\/","title":{"rendered":"Les leaders des partis politiques en visite \u00e0 El Guerguarat"},"content":{"rendered":"<header>\n<\/header>\n<div class=\"entry-content clearfix\" readability=\"40\"><img decoding=\"async\" class=\"post_layout_5_img\" src=\"http:\/\/aujourdhui.ma\/wp-content\/uploads\/2020\/11\/Les-leaders-des-partis-politiques-en-visite-a-El-Guerguarat.jpg\" alt=\"Les leaders des partis politiques en visite &#xE0; El Guerguarat\"\/><\/p>\n<p class=\"c6\"><strong><span class=\"c5\">Les partis politiques sont unis pour d\u00e9fendre l\u2019int\u00e9grit\u00e9 territoriale du Maroc.<\/span><\/strong><span id=\"more-361621\"\/><\/p>\n<p class=\"c6\"><span class=\"c7\">Une visite de terrain effectu\u00e9e \u00e0 El Guergarate ce vendredi, par les secr\u00e9taires g\u00e9n\u00e9raux des formations politiques marocaines en dit long. Par cette action, les partis adressent un message fort aux adversaires de l\u2019unit\u00e9 territoriale du Royaume exprimant \u00e0 cette occasion la sagesse et la fermet\u00e9 de sa majest\u00e9 le Roi Mohammed VI dans la gestion de ce dossier. Sur place, les leaders des formations politiques n\u2019ont pas manqu\u00e9 de r\u00e9affirmer leur totale adh\u00e9sion et leur mobilisation derri\u00e8re le souverain pour affronter toutes les man\u0153uvres des adversaires de l\u2019unit\u00e9 territoriale du Pays.<\/span><\/p>\n<\/div>\n<p>Auteur: ALM<br \/>\n<a href=\"https:\/\/aujourdhui.ma\/politique\/les-leaders-des-partis-politiques-en-visite-a-el-guerguarat\">Cliquez ici pour lire l&rsquo;article depuis sa source.<\/a><\/p>\n","protected":false},"excerpt":{"rendered":"<p>Les partis politiques sont unis pour d\u00e9fendre l\u2019int\u00e9grit\u00e9 territoriale du Maroc. Une visite de terrain effectu\u00e9e \u00e0 El Guergarate ce vendredi, par les secr\u00e9taires g\u00e9n\u00e9raux des formations politiques marocaines en dit long. Par cette action, les partis adressent un message fort aux adversaires de l\u2019unit\u00e9 territoriale du Royaume exprimant \u00e0 cette occasion la sagesse et [&hellip;]<\/p>\n","protected":false},"author":1759,"featured_media":0,"comment_status":"closed","ping_status":"closed","sticky":false,"template":"","format":"standard","meta":{"fifu_image_url":"http:\/\/aujourdhui.ma\/wp-content\/uploads\/2020\/11\/Les-leaders-des-partis-politiques-en-visite-a-El-Guerguarat.jpg","fifu_image_alt":"Les leaders des partis politiques en visite \u00e0 El Guerguarat","footnotes":""},"categories":[73,54],"tags":[],"class_list":["post-105939","post","type-post","status-publish","format-standard","hentry","category-actualite","category-maroc"],"_links":{"self":[{"href":"https:\/\/linitiative.ca\/International\/wp-json\/wp\/v2\/posts\/105939","targetHints":{"allow":["GET"]}}],"collection":[{"href":"https:\/\/linitiative.ca\/International\/wp-json\/wp\/v2\/posts"}],"about":[{"href":"https:\/\/linitiative.ca\/International\/wp-json\/wp\/v2\/types\/post"}],"author":[{"embeddable":true,"href":"https:\/\/linitiative.ca\/International\/wp-json\/wp\/v2\/users\/1759"}],"replies":[{"embeddable":true,"href":"https:\/\/linitiative.ca\/International\/wp-json\/wp\/v2\/comments?post=105939"}],"version-history":[{"count":0,"href":"https:\/\/linitiative.ca\/International\/wp-json\/wp\/v2\/posts\/105939\/revisions"}],"wp:attachment":[{"href":"https:\/\/linitiative.ca\/International\/wp-json\/wp\/v2\/media?parent=105939"}],"wp:term":[{"taxonomy":"category","embeddable":true,"href":"https:\/\/linitiative.ca\/International\/wp-json\/wp\/v2\/categories?post=105939"},{"taxonomy":"post_tag","embeddable":true,"href":"https:\/\/linitiative.ca\/International\/wp-json\/wp\/v2\/tags?post=105939"}],"curies":[{"name":"wp","href":"https:\/\/api.w.org\/{rel}","templated":true}]}}