{"id":105947,"date":"2020-11-27T19:53:26","date_gmt":"2020-11-28T00:53:26","guid":{"rendered":"https:\/\/linitiative.ca\/International\/covid-19-prolongation-de-15-jours-des-mesures-preventives-en-vigueur\/"},"modified":"2020-11-27T19:53:26","modified_gmt":"2020-11-28T00:53:26","slug":"covid-19-prolongation-de-15-jours-des-mesures-preventives-en-vigueur","status":"publish","type":"post","link":"https:\/\/linitiative.ca\/International\/covid-19-prolongation-de-15-jours-des-mesures-preventives-en-vigueur\/","title":{"rendered":"Covid-19: Prolongation de 15 jours des mesures pr\u00e9ventives en vigueur"},"content":{"rendered":"<div readability=\"36\">\n<p>Essaouira \u2013 Les autorit\u00e9s provinciales d\u2019Essaouira ont d\u00e9cid\u00e9, vendredi, de prolonger de 15 jours les mesures pr\u00e9ventives en vigueur au niveau de la ville en vue d\u2019enrayer la propagation de la pand\u00e9mie de la Covid-19.<\/p>\n<\/div>\n<div readability=\"85\">\n<p>Il s\u2019agit de la prorogation de l\u2019ensemble des mesures pr\u00e9ventives pr\u00e9vues dans l\u2019arr\u00eat\u00e9 du gouverneur de la province, M. Adil El Maliki, datant du 13 novembre dernier.<\/p>\n<p>Cette nouvelle d\u00e9cision intervient suite aux conclusions des op\u00e9rations de suivi quotidien et d\u2019\u00e9valuation r\u00e9guli\u00e8re men\u00e9es par le Comit\u00e9 Provincial de Veille charg\u00e9 de la gestion de la pand\u00e9mie de la Covid-19.<\/p>\n<p>A rappeler que le gouverneur de la province avait \u00e9mis un arr\u00eat\u00e9 pr\u00e9voyant une batterie de mesures, entr\u00e9es en vigueur le vendredi 13 novembre \u00e0 18H00.<\/p>\n<p>Ces mesures concernaient la fermeture provisoire, \u00e0 20H00, des locaux de commerce et de ceux d\u00e9di\u00e9s aux activit\u00e9s professionnelles et de services dans les quartiers qui enregistrent une hausse du nombre des cas d\u2019infection par la Covid-19 au niveau du territoire de la ville d\u2019Essaouira.<\/p>\n<p>Elles portaient aussi sur la fermeture provisoire, \u00e0 16H00, du march\u00e9 hebdomadaire \u00e0 Sekkala et des march\u00e9s de proximit\u00e9, et \u00e0 20H00, des caf\u00e9s, des restaurants et des snacks dans les quartiers concern\u00e9s, ainsi que sur l\u2019interdiction de la diffusion des matches de football dans tous les caf\u00e9s situ\u00e9s dans la commune d\u2019Essaouira sans exception.<\/p>\n<p>Les autorit\u00e9s d\u2019Essaouira avaient \u00e9galement d\u00e9cid\u00e9, conform\u00e9ment \u00e0 cet arr\u00eat\u00e9, d\u2019interdire tous les rassemblements et attroupements dans les diff\u00e9rents espaces publics \u00e0 l\u2019int\u00e9rieur des quartiers concern\u00e9s, de veiller au contr\u00f4le strict du respect des mesures pr\u00e9ventives (port des masques de protection, distanciation physique) sous peine d\u2019application des sanctions pr\u00e9vues par la loi \u00e0 l\u2019encontre des contrevenants, et de renforcer le contr\u00f4le aux entr\u00e9es de la ville.<\/p>\n<p>Cet arr\u00eat\u00e9, dont l\u2019ex\u00e9cution avait \u00e9t\u00e9 confi\u00e9e aux autorit\u00e9s locales, aux services s\u00e9curitaires, \u00e0 la collectivit\u00e9 territoriale de la ville d\u2019Essaouira et aux services d\u00e9centralis\u00e9s de la province, chacun selon ses attributions, avait, par ailleurs, affirm\u00e9 la poursuite de l\u2019application des autres mesures en vigueur \u00e0 l\u2019\u00e9chelle nationale conform\u00e9ment \u00e0 l\u2019\u00e9tat d\u2019urgence sanitaire d\u00e9cr\u00e9t\u00e9 dans le Royaume, notamment l\u2019interdiction des f\u00eates de mariage, des c\u00e9r\u00e9monies de fun\u00e9railles, des rassemblements familiaux et des attroupements.<\/p>\n<\/div>\n<p>Auteur: Meriem IGASS<br \/>\n<a href=\"http:\/\/www.mapmarrakech.ma\/fr\/covid-19-prolongation-de-15-jours-des-mesures-preventives-en-vigueur\/\">Cliquez ici pour lire l&rsquo;article depuis sa source.<\/a><\/p>\n","protected":false},"excerpt":{"rendered":"<p>Essaouira \u2013 Les autorit\u00e9s provinciales d\u2019Essaouira ont d\u00e9cid\u00e9, vendredi, de prolonger de 15 jours les mesures pr\u00e9ventives en vigueur au niveau de la ville en vue d\u2019enrayer la propagation de la pand\u00e9mie de la Covid-19. Il s\u2019agit de la prorogation de l\u2019ensemble des mesures pr\u00e9ventives pr\u00e9vues dans l\u2019arr\u00eat\u00e9 du gouverneur de la province, M. Adil [&hellip;]<\/p>\n","protected":false},"author":1788,"featured_media":0,"comment_status":"closed","ping_status":"closed","sticky":false,"template":"","format":"standard","meta":{"fifu_image_url":"","fifu_image_alt":"","footnotes":""},"categories":[54,76],"tags":[],"class_list":["post-105947","post","type-post","status-publish","format-standard","hentry","category-maroc","category-regions"],"_links":{"self":[{"href":"https:\/\/linitiative.ca\/International\/wp-json\/wp\/v2\/posts\/105947","targetHints":{"allow":["GET"]}}],"collection":[{"href":"https:\/\/linitiative.ca\/International\/wp-json\/wp\/v2\/posts"}],"about":[{"href":"https:\/\/linitiative.ca\/International\/wp-json\/wp\/v2\/types\/post"}],"author":[{"embeddable":true,"href":"https:\/\/linitiative.ca\/International\/wp-json\/wp\/v2\/users\/1788"}],"replies":[{"embeddable":true,"href":"https:\/\/linitiative.ca\/International\/wp-json\/wp\/v2\/comments?post=105947"}],"version-history":[{"count":0,"href":"https:\/\/linitiative.ca\/International\/wp-json\/wp\/v2\/posts\/105947\/revisions"}],"wp:attachment":[{"href":"https:\/\/linitiative.ca\/International\/wp-json\/wp\/v2\/media?parent=105947"}],"wp:term":[{"taxonomy":"category","embeddable":true,"href":"https:\/\/linitiative.ca\/International\/wp-json\/wp\/v2\/categories?post=105947"},{"taxonomy":"post_tag","embeddable":true,"href":"https:\/\/linitiative.ca\/International\/wp-json\/wp\/v2\/tags?post=105947"}],"curies":[{"name":"wp","href":"https:\/\/api.w.org\/{rel}","templated":true}]}}