{"id":105948,"date":"2020-11-27T20:14:07","date_gmt":"2020-11-28T01:14:07","guid":{"rendered":"https:\/\/linitiative.ca\/International\/entrepreneuriat-partenariat-entre-lum6p-et-le-cri-marrakech-safi\/"},"modified":"2020-11-27T20:14:07","modified_gmt":"2020-11-28T01:14:07","slug":"entrepreneuriat-partenariat-entre-lum6p-et-le-cri-marrakech-safi","status":"publish","type":"post","link":"https:\/\/linitiative.ca\/International\/entrepreneuriat-partenariat-entre-lum6p-et-le-cri-marrakech-safi\/","title":{"rendered":"Entrepreneuriat: Partenariat entre l\u2019UM6P et le CRI Marrakech-Safi"},"content":{"rendered":"<div readability=\"37\">\n<p>Benguerir (province de Rehamna) \u2013 L\u2019Universit\u00e9 Mohammed VI Polytechnique (UM6P) et le Centre r\u00e9gional d\u2019investissement de Marrakech-Safi (CRI-MS) ont proc\u00e9d\u00e9, vendredi \u00e0 Bengurir, \u00e0 la signature d\u2019une convention de partenariat visant l\u2019accompagnement du tissu entrepreneurial dans la r\u00e9gion et la promotion des programmes entrepreneuriaux au profit des jeunes.<\/p>\n<\/div>\n<div readability=\"106\">\n<p>Paraph\u00e9 par le pr\u00e9sident de l\u2019UM6P, M. Hicham El Habti, et le directeur g\u00e9n\u00e9ral du CRI-MS, M. Yassine Mseffer, en pr\u00e9sence du Gouverneur de la province de Rehamna, M. Aziz Bouignane, cet accord de coop\u00e9ration vise le renforcement de la collaboration entre les deux parties en faveur du d\u00e9veloppement \u00e9conomique de la r\u00e9gion, ainsi que l\u2019accompagnement de son tissu entrepreneurial.<\/p>\n<p>L\u2019UM6P et le CRI-MS ambitionnent, \u00e0 travers ce document, d\u2019apporter des r\u00e9ponses et solutions concr\u00e8tes \u00e0 plusieurs probl\u00e9matiques, telles que l\u2019entrepreneuriat des jeunes, l\u2019utilisation de la data pour la promotion de l\u2019employabilit\u00e9, la gouvernance et le d\u00e9veloppement \u00e9conomique.<\/p>\n<p>Intervenant \u00e0 cette occasion, M. Mseffer a soulign\u00e9 que cette convention s\u2019inscrit dans le cadre des nouvelles missions et pr\u00e9rogatives du CRI conform\u00e9ment \u00e0 la loi 47-18, notamment celles se rapportant \u00e0 l\u2019accompagnement de tout l\u2019\u00e9cosyst\u00e8me des entreprises dans la r\u00e9gion Marrakech-Safi avec un focus sur les petites et moyennes entreprises (PME) et l\u2019accompagnement de la nouvelle dynamique dans la province de Rehamna.<\/p>\n<p>Et de faire remarquer que l\u2019\u00e9cosyst\u00e8me de la Ville Verte de Benguerir pr\u00e9sente des opportunit\u00e9s de cr\u00e9ation d\u2019emplois et de valeurs, indiquant que les deux parties ont commenc\u00e9 \u00e0 s\u2019attaquer \u00e0 des probl\u00e9matiques concr\u00e8tes, notamment la data compte tenu de son importance dans toutes les politiques d\u2019investissement et des programmations qui y sont li\u00e9es, notamment dans le contexte actuel de la Covid-19 \u00e0 travers les cellules de veille \u00e9conomique au sein du CRI.<\/p>\n<p>\u00ab\u00a0La data est l\u2019un des chevaux de bataille que le CRI et l\u2019UM6P vont mener conjointement au cours de 2021-2022\u00a0\u00bb, a-t-il insist\u00e9.<\/p>\n<p>\u00ab\u00a0Compte tenu des synergies possibles entre le CRI-MS d\u2019un c\u00f4t\u00e9, qui est un \u00e9tablissement charg\u00e9 de la mise en \u0153uvre de la politique de l\u2019Etat en mati\u00e8re de d\u00e9veloppement, d\u2019incitation, de promotion, d\u2019attraction des investissement et d\u2019accompagnement des entreprises, et l\u2019UM6P de l\u2019autre c\u00f4t\u00e9, qui a pour vocation la promotion de la recherche et l\u2019innovation au service du d\u00e9veloppement, le partenariat entre les deux structures repr\u00e9sente la cons\u00e9cration de la volont\u00e9 de leurs dirigeants de concilier la science et l\u2019entreprise dans un contexte en perp\u00e9tuelle \u00e9volution et mutation\u00a0\u00bb, a soulign\u00e9 pour sa part, M. Habti, relevant que ce partenariat aboutira \u00e0 des r\u00e9sultats concrets pour cette province et son tissu \u00e9conomique.<\/p>\n<p>Dans le m\u00eame ordre d\u2019id\u00e9es, le gouverneur de la province de Rehamna, M. Aziz Bouignane, s\u2019est f\u00e9licit\u00e9 de ce partenariat concr\u00e9tis\u00e9 avec une entit\u00e9 fraichement investie de pr\u00e9rogatives importantes et avec une nouvelle vision sous l\u2019impulsion de SM le Roi Mohammeionenrd VI.<\/p>\n<p>M.Bouignane a assur\u00e9 que ce partenariat sera profitable aussi bien \u00e0 l\u2019UM6P qu\u2019au tissu socio\u00e9conomique et les jeunes porteurs de projets, soulignant que la Province ne m\u00e9nagera aucun effort afin que ce partenariat puisse profiter \u00e0 toutes les parties.<\/p>\n<p>Cette c\u00e9r\u00e9monie a \u00e9t\u00e9 \u00e9galement l\u2019occasion de pr\u00e9senter la vision de StartGate, qui se veut un hub d\u00e9di\u00e9 \u00e0 l\u2019accueil des diff\u00e9rents programmes d\u2019incubation et d\u2019acc\u00e9l\u00e9ration, permettant l\u2019instauration d\u2019un environnement complet pour les start-ups, ainsi que la pr\u00e9sentation de trois projets entrepreneuriaux de trois startups innovantes incub\u00e9es \u00e0 l\u2019UM6P. nv<\/p>\n<\/div>\n<p>Auteur: Meriem IGASS<br \/>\n<a href=\"http:\/\/www.mapmarrakech.ma\/fr\/partenariat-entre-lum6p-et-le-cri-marrakech-safi\/\">Cliquez ici pour lire l&rsquo;article depuis sa source.<\/a><\/p>\n","protected":false},"excerpt":{"rendered":"<p>Benguerir (province de Rehamna) \u2013 L\u2019Universit\u00e9 Mohammed VI Polytechnique (UM6P) et le Centre r\u00e9gional d\u2019investissement de Marrakech-Safi (CRI-MS) ont proc\u00e9d\u00e9, vendredi \u00e0 Bengurir, \u00e0 la signature d\u2019une convention de partenariat visant l\u2019accompagnement du tissu entrepreneurial dans la r\u00e9gion et la promotion des programmes entrepreneuriaux au profit des jeunes. Paraph\u00e9 par le pr\u00e9sident de l\u2019UM6P, M. [&hellip;]<\/p>\n","protected":false},"author":1788,"featured_media":0,"comment_status":"closed","ping_status":"closed","sticky":false,"template":"","format":"standard","meta":{"fifu_image_url":"","fifu_image_alt":"","footnotes":""},"categories":[54,76],"tags":[],"class_list":["post-105948","post","type-post","status-publish","format-standard","hentry","category-maroc","category-regions"],"_links":{"self":[{"href":"https:\/\/linitiative.ca\/International\/wp-json\/wp\/v2\/posts\/105948","targetHints":{"allow":["GET"]}}],"collection":[{"href":"https:\/\/linitiative.ca\/International\/wp-json\/wp\/v2\/posts"}],"about":[{"href":"https:\/\/linitiative.ca\/International\/wp-json\/wp\/v2\/types\/post"}],"author":[{"embeddable":true,"href":"https:\/\/linitiative.ca\/International\/wp-json\/wp\/v2\/users\/1788"}],"replies":[{"embeddable":true,"href":"https:\/\/linitiative.ca\/International\/wp-json\/wp\/v2\/comments?post=105948"}],"version-history":[{"count":0,"href":"https:\/\/linitiative.ca\/International\/wp-json\/wp\/v2\/posts\/105948\/revisions"}],"wp:attachment":[{"href":"https:\/\/linitiative.ca\/International\/wp-json\/wp\/v2\/media?parent=105948"}],"wp:term":[{"taxonomy":"category","embeddable":true,"href":"https:\/\/linitiative.ca\/International\/wp-json\/wp\/v2\/categories?post=105948"},{"taxonomy":"post_tag","embeddable":true,"href":"https:\/\/linitiative.ca\/International\/wp-json\/wp\/v2\/tags?post=105948"}],"curies":[{"name":"wp","href":"https:\/\/api.w.org\/{rel}","templated":true}]}}