{"id":105949,"date":"2020-11-28T13:47:16","date_gmt":"2020-11-28T18:47:16","guid":{"rendered":"https:\/\/linitiative.ca\/International\/session-de-formation-sur-le-programme-eco-ecoles\/"},"modified":"2020-11-28T13:47:16","modified_gmt":"2020-11-28T18:47:16","slug":"session-de-formation-sur-le-programme-eco-ecoles","status":"publish","type":"post","link":"https:\/\/linitiative.ca\/International\/session-de-formation-sur-le-programme-eco-ecoles\/","title":{"rendered":"Session de formation sur le programme \u00ab\u00a0Eco-\u00e9coles\u00a0\u00bb"},"content":{"rendered":"<div readability=\"38\">\n<p>Youssoufia \u2013 Une session de formation \u00e0 distance, d\u00e9di\u00e9e \u00e0 la mise en \u0153uvre du programme \u00ab\u00a0Eco-\u00e9coles\u00a0\u00bb par les \u00e9tablissements scolaires \u00e0 El Youssoufia, a \u00e9t\u00e9 organis\u00e9e, vendredi, \u00e0 l\u2019initiative de la direction provinciale de l\u2019Education nationale.<\/p>\n<\/div>\n<div readability=\"96\">\n<p>Cette formation, qui a cibl\u00e9 22 coordinatrices et coordinateurs des clubs \u00e9cologiques au sein des \u00e9tablissements du cycle primaire, membres dudit programme au titre de l\u2019ann\u00e9e scolaire 2020-2021, a \u00e9t\u00e9 encadr\u00e9e par le coordinateur r\u00e9gional de l\u2019environnement et cadre \u00e0 l\u2019Acad\u00e9mie R\u00e9gionale de l\u2019Education et de la Formation de Marrakech-Safi, Boujemaa Belhand.<\/p>\n<p>Lors de cette session, encadr\u00e9e \u00e9galement par la cheffe du service des affaires p\u00e9dagogiques, de la planification et de l\u2019orientation scolaire \u00e0 la Direction provinciale de l\u2019Education nationale, Bouchra Aslim, il a \u00e9t\u00e9 proc\u00e9d\u00e9 \u00e0 la pr\u00e9sentation d\u2019un expos\u00e9 exhaustif sur les sept grands th\u00e8mes de travail du Programme \u00ab\u00a0Eco-\u00e9coles\u00a0\u00bb.<\/p>\n<p>Lesdits th\u00e8mes concernent l\u2019eau, l\u2019\u00e9nergie, les d\u00e9chets, la diversit\u00e9 biologique, l\u2019alimentation, la solidarit\u00e9 et les changements climatiques, en plus de la pr\u00e9sentation d\u2019exp\u00e9riences pratiques des \u00e9tablissements d\u00e9tenteurs du \u00ab\u00a0pavillon vert\u00a0\u00bb dans la province.<\/p>\n<p>Dans une d\u00e9claration \u00e0 la MAP, M. Belhand a indiqu\u00e9 que cette session de formation visait essentiellement \u00e0 permettre aux b\u00e9n\u00e9ficiaires cibl\u00e9s de promouvoir et de renforcer la culture environnementale parmi les \u00e9l\u00e8ves, \u00e0 travers l\u2019organisation de campagnes de sensibilisation et le d\u00e9veloppement de leurs connaissances et capacit\u00e9s dans le domaine de l\u2019environnement.<\/p>\n<p>Il a ajout\u00e9 que cette rencontre a \u00e9t\u00e9 l\u2019occasion pour jeter la lumi\u00e8re sur les exp\u00e9riences des \u00e9tablissements scolaires membres de ce programme, qui ont r\u00e9ussi \u00e0 obtenir le \u00ab\u00a0pavillon vert\u00a0\u00bb ou les certificats \u00ab\u00a0argent\u00a0\u00bb ou \u00ab\u00a0bronze\u00a0\u00bb.<\/p>\n<p>Et de rappeler que le succ\u00e8s de ce programme et la r\u00e9alisation de ses objectifs demeurent tributaires des efforts des coordinateurs r\u00e9gionaux et provinciaux de l\u2019environnement et du d\u00e9veloppement durable qui doivent encourager les \u00e9coles primaires \u00e0 d\u00e9poser leurs candidatures, \u00e0 adh\u00e9rer \u00e0 ce programme, \u00e0 renouveler le \u00ab\u00a0pavillon vert\u00a0\u00bb et veiller \u00e0 les accompagner en leur assurant l\u2019encadrement et le suivi n\u00e9cessaires.<\/p>\n<p>Cette session de formation virtuelle a \u00e9t\u00e9 couronn\u00e9e par l\u2019\u00e9laboration d\u2019une feuille de route relative aux activit\u00e9s devant \u00eatre programm\u00e9es durant l\u2019ann\u00e9e scolaire en cours (campagnes de sensibilisation, ateliers pratiques, concours \u2026).<\/p>\n<p>\u00ab\u00a0Eco-Ecoles\u00a0\u00bb est l\u2019un des programmes phares de la Fondation pour l\u2019Education \u00e0 l\u2019environnement (FEE). Il a \u00e9t\u00e9 introduit au Maroc en 2006 par la Fondation Mohammed VI pour la Protection de l\u2019Environnement et tend \u00e0 ancrer l\u2019\u00e9ducation \u00e0 l\u2019environnement dans le cursus scolaire.<\/p>\n<p>Lanc\u00e9 en partenariat avec le minist\u00e8re de l\u2019Education nationale, de la Formation professionnelle, de l\u2019Enseignement sup\u00e9rieur et de la Recherche scientifique, ce programme a notamment pour objectif de favoriser l\u2019implication effective des \u00e9tablissements scolaires dans les programmes li\u00e9s \u00e0 l\u2019environnement et leur contribution forte \u00e0 la cons\u00e9cration des bonnes pratiques en mati\u00e8re de protection de l\u2019environnement.<\/p>\n<\/div>\n<p>Auteur: Meriem IGASS<br \/>\n<a href=\"http:\/\/www.mapmarrakech.ma\/fr\/session-de-formation-sur-le-programme-eco-ecoles\/\">Cliquez ici pour lire l&rsquo;article depuis sa source.<\/a><\/p>\n","protected":false},"excerpt":{"rendered":"<p>Youssoufia \u2013 Une session de formation \u00e0 distance, d\u00e9di\u00e9e \u00e0 la mise en \u0153uvre du programme \u00ab\u00a0Eco-\u00e9coles\u00a0\u00bb par les \u00e9tablissements scolaires \u00e0 El Youssoufia, a \u00e9t\u00e9 organis\u00e9e, vendredi, \u00e0 l\u2019initiative de la direction provinciale de l\u2019Education nationale. Cette formation, qui a cibl\u00e9 22 coordinatrices et coordinateurs des clubs \u00e9cologiques au sein des \u00e9tablissements du cycle [&hellip;]<\/p>\n","protected":false},"author":1788,"featured_media":0,"comment_status":"closed","ping_status":"closed","sticky":false,"template":"","format":"standard","meta":{"fifu_image_url":"","fifu_image_alt":"","footnotes":""},"categories":[54,76],"tags":[],"class_list":["post-105949","post","type-post","status-publish","format-standard","hentry","category-maroc","category-regions"],"_links":{"self":[{"href":"https:\/\/linitiative.ca\/International\/wp-json\/wp\/v2\/posts\/105949","targetHints":{"allow":["GET"]}}],"collection":[{"href":"https:\/\/linitiative.ca\/International\/wp-json\/wp\/v2\/posts"}],"about":[{"href":"https:\/\/linitiative.ca\/International\/wp-json\/wp\/v2\/types\/post"}],"author":[{"embeddable":true,"href":"https:\/\/linitiative.ca\/International\/wp-json\/wp\/v2\/users\/1788"}],"replies":[{"embeddable":true,"href":"https:\/\/linitiative.ca\/International\/wp-json\/wp\/v2\/comments?post=105949"}],"version-history":[{"count":0,"href":"https:\/\/linitiative.ca\/International\/wp-json\/wp\/v2\/posts\/105949\/revisions"}],"wp:attachment":[{"href":"https:\/\/linitiative.ca\/International\/wp-json\/wp\/v2\/media?parent=105949"}],"wp:term":[{"taxonomy":"category","embeddable":true,"href":"https:\/\/linitiative.ca\/International\/wp-json\/wp\/v2\/categories?post=105949"},{"taxonomy":"post_tag","embeddable":true,"href":"https:\/\/linitiative.ca\/International\/wp-json\/wp\/v2\/tags?post=105949"}],"curies":[{"name":"wp","href":"https:\/\/api.w.org\/{rel}","templated":true}]}}