{"id":105950,"date":"2020-11-28T14:05:47","date_gmt":"2020-11-28T19:05:47","guid":{"rendered":"https:\/\/linitiative.ca\/International\/les-employes-de-la-radeema-mobilises-pour-renflouer-les-stocks-de-sang\/"},"modified":"2020-11-28T14:05:47","modified_gmt":"2020-11-28T19:05:47","slug":"les-employes-de-la-radeema-mobilises-pour-renflouer-les-stocks-de-sang","status":"publish","type":"post","link":"https:\/\/linitiative.ca\/International\/les-employes-de-la-radeema-mobilises-pour-renflouer-les-stocks-de-sang\/","title":{"rendered":"Les employ\u00e9s de la RADEEMA mobilis\u00e9s pour renflouer les stocks de sang"},"content":{"rendered":"<div class=\"single-featured\"><img alt=\"\" data-src=\"http:\/\/www.mapmarrakech.ma\/map\/uploads\/2020\/11\/don-de-sang-radeema-copier.jpg\"\/><\/div>\n<div class=\"single-post-excerpt post-excerpt-bc\" readability=\"37\">\n<p>Marrakech \u2013 Les cadres et employ\u00e9s de la R\u00e9gie Autonome de Distribution d\u2019Eau et d\u2019Electricit\u00e9 de Marrakech (RADEEMA) se sont mobilis\u00e9s r\u00e9cemment, pour faire don de sang, et ce dans le sillage de l\u2019\u00e9lan de solidarit\u00e9 national visant \u00e0 renflouer les stocks de cette mati\u00e8re vitale en cette conjoncture exceptionnelle induite par la propagation du nouveau coronavirus (Covid-19).<\/p>\n<\/div>\n<div class=\"entry-content clearfix single-post-content\" readability=\"65\">\n<p>Organis\u00e9e au si\u00e8ge central de ladite R\u00e9gie \u00e0 Marrakech, en partenariat avec le Centre R\u00e9gional de Transfusion Sanguine (CRTS), cette initiative solidaire et humaine vise \u00e0 renflouer les stocks de sang qui ont accus\u00e9 un d\u00e9ficit \u00e9norme en raison de la baisse du nombre de donneurs durant la pand\u00e9mie de la Covid-19.<\/p>\n<p>Dans une d\u00e9claration \u00e0 la MAP, le directeur g\u00e9n\u00e9ral par int\u00e9rim de la RADEEMA, Salah Eddine Mountassir, a soulign\u00e9 que cette campagne de don de sang se veut une contribution au renflouement des stocks de sang au niveau r\u00e9gional en cette circonstance exceptionnelle que traverse le Royaume.<\/p>\n<p>Les cadres et employ\u00e9s de la RADEEMA ont fait preuve d\u2019un sens \u00e9lev\u00e9 de patriotisme et de civisme, en venant remplir des poches de sang \u00e0 m\u00eame de sauver des vies, a-t-il insist\u00e9.<\/p>\n<p>La RADEEMA a mobilis\u00e9 ses cadres et employ\u00e9s, qui ont r\u00e9pondu pr\u00e9sents en masse au devoir national dans le cadre de cette campagne de don de sang en vue de contribuer \u00e0 pallier le manque en poches de sang au niveau de la r\u00e9gion Marrakech-Safi.<\/p>\n<p>Cette action citoyenne s\u2019inscrit aussi dans le cadre de la cons\u00e9cration des valeurs de solidarit\u00e9 et d\u2019entraide qui caract\u00e9risent la soci\u00e9t\u00e9 marocaine, a-t-il relev\u00e9.<\/p>\n<p>Cette campagne de don du sang s\u2019est d\u00e9roul\u00e9e dans le respect scrupuleux des mesures pr\u00e9ventives et d\u2019hygi\u00e8ne adopt\u00e9es durant cette circonstance exceptionnelle.<\/p>\n<p>A rappeler que la campagne de don de sang est devenue un rendez-vous annuel que la RADEEMA organise en partenariat avec le CRTS de Marrakech, en plus d\u2019autres initiatives sociales et humaines.<\/p>\n<\/div>\n<p>Auteur: Meriem IGASS<br \/>\n<a href=\"http:\/\/www.mapmarrakech.ma\/fr\/les-employes-de-la-radeema-mobilises-pour-renflouer-les-stocks-de-sang\/\">Cliquez ici pour lire l&rsquo;article depuis sa source.<\/a><\/p>\n","protected":false},"excerpt":{"rendered":"<p>Marrakech \u2013 Les cadres et employ\u00e9s de la R\u00e9gie Autonome de Distribution d\u2019Eau et d\u2019Electricit\u00e9 de Marrakech (RADEEMA) se sont mobilis\u00e9s r\u00e9cemment, pour faire don de sang, et ce dans le sillage de l\u2019\u00e9lan de solidarit\u00e9 national visant \u00e0 renflouer les stocks de cette mati\u00e8re vitale en cette conjoncture exceptionnelle induite par la propagation du [&hellip;]<\/p>\n","protected":false},"author":1788,"featured_media":0,"comment_status":"closed","ping_status":"closed","sticky":false,"template":"","format":"standard","meta":{"fifu_image_url":"http:\/\/www.mapmarrakech.ma\/map\/uploads\/2020\/11\/don-de-sang-radeema-copier.jpg","fifu_image_alt":"Les employ\u00e9s de la RADEEMA mobilis\u00e9s pour renflouer les stocks de sang","footnotes":""},"categories":[54,76],"tags":[],"class_list":["post-105950","post","type-post","status-publish","format-standard","hentry","category-maroc","category-regions"],"_links":{"self":[{"href":"https:\/\/linitiative.ca\/International\/wp-json\/wp\/v2\/posts\/105950","targetHints":{"allow":["GET"]}}],"collection":[{"href":"https:\/\/linitiative.ca\/International\/wp-json\/wp\/v2\/posts"}],"about":[{"href":"https:\/\/linitiative.ca\/International\/wp-json\/wp\/v2\/types\/post"}],"author":[{"embeddable":true,"href":"https:\/\/linitiative.ca\/International\/wp-json\/wp\/v2\/users\/1788"}],"replies":[{"embeddable":true,"href":"https:\/\/linitiative.ca\/International\/wp-json\/wp\/v2\/comments?post=105950"}],"version-history":[{"count":0,"href":"https:\/\/linitiative.ca\/International\/wp-json\/wp\/v2\/posts\/105950\/revisions"}],"wp:attachment":[{"href":"https:\/\/linitiative.ca\/International\/wp-json\/wp\/v2\/media?parent=105950"}],"wp:term":[{"taxonomy":"category","embeddable":true,"href":"https:\/\/linitiative.ca\/International\/wp-json\/wp\/v2\/categories?post=105950"},{"taxonomy":"post_tag","embeddable":true,"href":"https:\/\/linitiative.ca\/International\/wp-json\/wp\/v2\/tags?post=105950"}],"curies":[{"name":"wp","href":"https:\/\/api.w.org\/{rel}","templated":true}]}}