{"id":105954,"date":"2020-11-28T10:04:35","date_gmt":"2020-11-28T15:04:35","guid":{"rendered":"https:\/\/linitiative.ca\/International\/covid-19-boumerdes-le-taux-doccupation-des-lits-avoisine-les-60\/"},"modified":"2020-11-28T10:04:35","modified_gmt":"2020-11-28T15:04:35","slug":"covid-19-boumerdes-le-taux-doccupation-des-lits-avoisine-les-60","status":"publish","type":"post","link":"https:\/\/linitiative.ca\/International\/covid-19-boumerdes-le-taux-doccupation-des-lits-avoisine-les-60\/","title":{"rendered":"Covid-19\/Boumerdes : le taux d\u2019occupation des lits avoisine les 60%"},"content":{"rendered":"<div>\n<div class=\"K2FeedImage\"><img decoding=\"async\" src=\"http:\/\/www.aps.dz\/media\/k2\/items\/cache\/db1c31e2a17601e7448e2f558195f0da_S.jpg\" alt=\"Covid-19\/Boumerdes : le taux d\u2019occupation des lits avoisine les 60%\"><\/div>\n<div class=\"K2FeedIntroText\">\n<p><strong>BOUMERDES- Le ministre de la Sant\u00e9, de la Population et la Reforme hospitali\u00e8re, Abderrahmane Benbouzid a annonc\u00e9, samedi \u00e0 Boumerdes, que le taux d\u2019occupation des lits destin\u00e9s \u00e0 la prise en charge des malades atteints par la Covid-19 au niveau de cette wilaya, est de pr\u00e8s de 60%.<\/strong><\/p>\n<\/div>\n<div class=\"K2FeedFullText\">\n<p>Le ministre, en visite d\u2019inspection au niveau d\u2019\u00e9tablissements hospitaliers de la wilaya, en compagnie du ministre de la Poste, des T\u00e9l\u00e9communications, Brahim Boumzar, pour s\u2019enqu\u00e9rir de la prise en charge des malades de la Covid-19, a rassur\u00e9 quant \u00e0 la \u00ab\u00a0prise de toutes les mesures n\u00e9cessaires pour faire face \u00e0 la pand\u00e9mie\u00a0\u00bb, soulignant que la \u00ab\u00a0situation est ma\u00eetris\u00e9e\u00a0\u00bb.<\/p>\n<p>M.Benbouzid, qui a entam\u00e9 sa visite \u00e0 partir de l\u2019h\u00f4pital de Bordj Menail (Est de Boumerdes), a annonc\u00e9 une \u00ab\u00a0augmentation du stock d\u2019oxyg\u00e8ne m\u00e9dical au niveau des h\u00f4pitaux de Bordj Menail et Dellys, qui ont b\u00e9n\u00e9fici\u00e9 de f\u00fbts suppl\u00e9mentaires, parall\u00e8lement au renforcement des moyens de d\u00e9pistage du nouveau coronavirus, \u00e0 travers la mise en service d\u2019un 2eme PCR \u00e0 l\u2019h\u00f4pital de Thenia\u00a0\u00bb.<\/p>\n<blockquote>\n<p><strong><em>Pour sa part, le ministre de la Poste, des T\u00e9l\u00e9communications, Brahim Boumzar, a affirm\u00e9, en marge de cette visite inscrite dans le cadre de la \u00ab\u00a0solidarit\u00e9 gouvernementale\u00a0\u00bb, que ses services assurent un accompagnement technique du secteur de la sant\u00e9, \u00e0 travers le \u00ab\u00a0raccordement de la totalit\u00e9 des structures de sant\u00e9 et des h\u00f4pitaux \u00e0 l\u2019internet \u00e0 haut d\u00e9bit\u00a0\u00bb, ceci d\u2019autant plus qu\u2019un service de e-sant\u00e9 \u00ab\u00a0sera bient\u00f4t op\u00e9rationnel\u00a0\u00bb, a-t-il fait savoir.<\/em><\/strong><\/p>\n<\/blockquote>\n<hr>\n<h3>Lire aussi:\u00a0<a href=\"http:\/\/www.aps.dz\/sante-science-technologie\/113417-covid-19-reception-prochaine-d-une-quantite-de-lovenox\" target=\"_blank\" rel=\"noopener noreferrer\">Covid-19: r\u00e9ception prochaine d&rsquo;une quantit\u00e9 de \u00ab\u00a0Lovenox\u00a0\u00bb<\/a><br \/>\n<\/h3>\n<hr>\n<p>\u00ab\u00a0Des instructions ont \u00e9t\u00e9 donn\u00e9es aux op\u00e9rateurs \u00e9conomiques en vue d\u2019investir dans le domaine de l\u2019internet en accordant la priorit\u00e9 aux secteurs de la sant\u00e9 et de l\u2019\u00e9ducation\u00a0\u00bb, a-t-il soulign\u00e9.<\/p>\n<p>La visite des deux ministres se poursuit au niveau des \u00e9tablissements hospitaliers de la wilaya.<\/p>\n<\/div>\n<\/div>\n<p>Auteur:<br \/>\n<a href=\"http:\/\/www.aps.dz\/regions\/113437-covid-19-boumerdes-le-taux-d-occupation-des-lits-avoisine-les-60\">Cliquez ici pour lire l&rsquo;article depuis sa source.<\/a><\/p>\n","protected":false},"excerpt":{"rendered":"<p>BOUMERDES- Le ministre de la Sant\u00e9, de la Population et la Reforme hospitali\u00e8re, Abderrahmane Benbouzid a annonc\u00e9, samedi \u00e0 Boumerdes, que le taux d\u2019occupation des lits destin\u00e9s \u00e0 la prise en charge des malades atteints par la Covid-19 au niveau de cette wilaya, est de pr\u00e8s de 60%. Le ministre, en visite d\u2019inspection au niveau [&hellip;]<\/p>\n","protected":false},"author":1790,"featured_media":0,"comment_status":"closed","ping_status":"closed","sticky":false,"template":"","format":"standard","meta":{"fifu_image_url":"http:\/\/www.aps.dz\/media\/k2\/items\/cache\/db1c31e2a17601e7448e2f558195f0da_S.jpg","fifu_image_alt":"Covid-19\/Boumerdes : le taux d\u2019occupation des lits avoisine les 60%","footnotes":""},"categories":[53,76],"tags":[],"class_list":["post-105954","post","type-post","status-publish","format-standard","hentry","category-algerie","category-regions"],"_links":{"self":[{"href":"https:\/\/linitiative.ca\/International\/wp-json\/wp\/v2\/posts\/105954","targetHints":{"allow":["GET"]}}],"collection":[{"href":"https:\/\/linitiative.ca\/International\/wp-json\/wp\/v2\/posts"}],"about":[{"href":"https:\/\/linitiative.ca\/International\/wp-json\/wp\/v2\/types\/post"}],"author":[{"embeddable":true,"href":"https:\/\/linitiative.ca\/International\/wp-json\/wp\/v2\/users\/1790"}],"replies":[{"embeddable":true,"href":"https:\/\/linitiative.ca\/International\/wp-json\/wp\/v2\/comments?post=105954"}],"version-history":[{"count":0,"href":"https:\/\/linitiative.ca\/International\/wp-json\/wp\/v2\/posts\/105954\/revisions"}],"wp:attachment":[{"href":"https:\/\/linitiative.ca\/International\/wp-json\/wp\/v2\/media?parent=105954"}],"wp:term":[{"taxonomy":"category","embeddable":true,"href":"https:\/\/linitiative.ca\/International\/wp-json\/wp\/v2\/categories?post=105954"},{"taxonomy":"post_tag","embeddable":true,"href":"https:\/\/linitiative.ca\/International\/wp-json\/wp\/v2\/tags?post=105954"}],"curies":[{"name":"wp","href":"https:\/\/api.w.org\/{rel}","templated":true}]}}