{"id":105955,"date":"2020-11-28T11:59:52","date_gmt":"2020-11-28T16:59:52","guid":{"rendered":"https:\/\/linitiative.ca\/International\/naama-premiers-flocons-de-neige-sur-les-monts-depassant-1-200-metres-daltitude\/"},"modified":"2020-11-28T11:59:52","modified_gmt":"2020-11-28T16:59:52","slug":"naama-premiers-flocons-de-neige-sur-les-monts-depassant-1-200-metres-daltitude","status":"publish","type":"post","link":"https:\/\/linitiative.ca\/International\/naama-premiers-flocons-de-neige-sur-les-monts-depassant-1-200-metres-daltitude\/","title":{"rendered":"N\u00e2ama : premiers flocons de neige sur les monts d\u00e9passant 1.200 m\u00e8tres d\u2019altitude"},"content":{"rendered":"<div readability=\"36\">\n<p><strong>NAAMA- Les premiers flocons de neige se sont abattus dans la nuit de vendredi \u00e0 samedi sur les monts de 1.200 m\u00e8tres d\u2019altitude dans l\u2019extr\u00eame ouest de la wilaya de N\u00e2ama accompagn\u00e9s d&rsquo;averses et d&rsquo;une vague de froid, a-t-on appris samedi aupr\u00e8s de l\u2019annexe locale de l\u2019Office national de m\u00e9t\u00e9orologie.<\/strong><\/p>\n<\/div>\n<div readability=\"71.093302804808\">\n<p>De fines couches de neige ont couvert le sommet de \u00ab\u00a0Mir Djebel\u00a0\u00bb dans la commune de Djenine Bourzeg, dans l&rsquo;extr\u00eame sud de la wilaya, et la cha\u00eene de montagnes \u00ab\u00a0Merghad\u00a0\u00bb dans le village d&rsquo;Ain Warka, dans la commune de Asla, o\u00f9 les routes sont verglac\u00e9es, a-t-on pr\u00e9cis\u00e9.<\/p>\n<p>Les intemp\u00e9ries enregistr\u00e9es depuis vendredi matin dans la r\u00e9gion du Sud-ouest se sont poursuivies samedi matin par d&rsquo;importantes chutes de pluie et une baisse sensible de la temp\u00e9ratures, a-t-on indiqu\u00e9 de m\u00eame source, soulignant que les pr\u00e9cipitations des derni\u00e8res 24 heures sont estim\u00e9es \u00e0 22 millim\u00e8tres dans la commune de Mecheria, 20 mm \u00e0 N\u00e2ama et 14 mm \u00e0 El Bayodh.<\/p>\n<p>La situation m\u00e9t\u00e9orologique n&rsquo;a pas affect\u00e9 le trafic automobile dans la wilaya, a-t-on fait savoir, hormis un ruissellement constat\u00e9 au niveau du tron\u00e7on de la Route nationale n 6 (RN 6) reliant la commune d&rsquo;El Bayodh<\/p>\n<hr\/>\n<h3>Lire aussi:\u00a0<a href=\"http:\/\/www.aps.dz\/regions\/113194-khenchela-premieres-chutes-de-neige-automnales-sur-les-hauteurs-de-bouhmama-et-tamza\">Khenchela : premi\u00e8res chutes de\u00a0<span class=\"highlight\">neige<\/span>\u00a0automnales sur les hauteurs de Bouhmama et Tamza\u00a0<\/a><\/h3>\n<hr\/>\n<p>(N\u00e2ama) \u00e0 Bougotb dans la wilaya d\u2019El Bayadh, plus pr\u00e9cis\u00e9ment au niveau de la localit\u00e9 Khabaza.<\/p>\n<p>Les services de protection civile de la wilaya ont fait part, quant \u00e0 eux, d&rsquo;infiltrations d&rsquo;eau dans trois maisons \u00e0 la cit\u00e9 52 logements (route Ain Benkhelil, dans la commune de N\u00e2ama, en plus d&rsquo;accumulation de quantit\u00e9s d&rsquo;eau dans les voies urbaines et dans certains \u00e9difices publics de la commune.<\/p>\n<p>Les m\u00eames services sont intervenus, en coordination avec l&rsquo;Office national d&rsquo;assainissement, dans plusieurs op\u00e9rations d&rsquo;absorption et d&rsquo;\u00e9vacuation d&rsquo;eau. Des citoyens, surtout les \u00e9leveurs et les agriculteurs, ont exprim\u00e9 leur joie devant les pluies\u00a0 bienfaitrices qui augurent de bons pr\u00e9sages pour la production animale et agricole.<\/p>\n<\/div>\n<p>Auteur:<br \/>\n<a href=\"http:\/\/www.aps.dz\/regions\/113453-naama-premiers-flocons-de-neige-sur-les-monts-depassant-1-200-metres-d-altitude\">Cliquez ici pour lire l&rsquo;article depuis sa source.<\/a><\/p>\n","protected":false},"excerpt":{"rendered":"<p>NAAMA- Les premiers flocons de neige se sont abattus dans la nuit de vendredi \u00e0 samedi sur les monts de 1.200 m\u00e8tres d\u2019altitude dans l\u2019extr\u00eame ouest de la wilaya de N\u00e2ama accompagn\u00e9s d&rsquo;averses et d&rsquo;une vague de froid, a-t-on appris samedi aupr\u00e8s de l\u2019annexe locale de l\u2019Office national de m\u00e9t\u00e9orologie. De fines couches de neige [&hellip;]<\/p>\n","protected":false},"author":1790,"featured_media":0,"comment_status":"closed","ping_status":"closed","sticky":false,"template":"","format":"standard","meta":{"fifu_image_url":"","fifu_image_alt":"","footnotes":""},"categories":[53,76],"tags":[],"class_list":["post-105955","post","type-post","status-publish","format-standard","hentry","category-algerie","category-regions"],"_links":{"self":[{"href":"https:\/\/linitiative.ca\/International\/wp-json\/wp\/v2\/posts\/105955","targetHints":{"allow":["GET"]}}],"collection":[{"href":"https:\/\/linitiative.ca\/International\/wp-json\/wp\/v2\/posts"}],"about":[{"href":"https:\/\/linitiative.ca\/International\/wp-json\/wp\/v2\/types\/post"}],"author":[{"embeddable":true,"href":"https:\/\/linitiative.ca\/International\/wp-json\/wp\/v2\/users\/1790"}],"replies":[{"embeddable":true,"href":"https:\/\/linitiative.ca\/International\/wp-json\/wp\/v2\/comments?post=105955"}],"version-history":[{"count":0,"href":"https:\/\/linitiative.ca\/International\/wp-json\/wp\/v2\/posts\/105955\/revisions"}],"wp:attachment":[{"href":"https:\/\/linitiative.ca\/International\/wp-json\/wp\/v2\/media?parent=105955"}],"wp:term":[{"taxonomy":"category","embeddable":true,"href":"https:\/\/linitiative.ca\/International\/wp-json\/wp\/v2\/categories?post=105955"},{"taxonomy":"post_tag","embeddable":true,"href":"https:\/\/linitiative.ca\/International\/wp-json\/wp\/v2\/tags?post=105955"}],"curies":[{"name":"wp","href":"https:\/\/api.w.org\/{rel}","templated":true}]}}