{"id":105956,"date":"2020-11-28T07:45:50","date_gmt":"2020-11-28T12:45:50","guid":{"rendered":"https:\/\/linitiative.ca\/International\/la-culture-et-lart-des-creneaux-pour-le-developpement-des-nations\/"},"modified":"2020-11-28T07:45:50","modified_gmt":"2020-11-28T12:45:50","slug":"la-culture-et-lart-des-creneaux-pour-le-developpement-des-nations","status":"publish","type":"post","link":"https:\/\/linitiative.ca\/International\/la-culture-et-lart-des-creneaux-pour-le-developpement-des-nations\/","title":{"rendered":"La culture et l\u2019art, des cr\u00e9neaux pour le d\u00e9veloppement des nations"},"content":{"rendered":"<p class=\"c4\">La culture et l\u2019art constituent des cr\u00e9neaux tr\u00e8s int\u00e9ressants pour le d\u00e9veloppement des nations, ont soulign\u00e9 les participants \u00e0 un webinaire organis\u00e9, vendredi soir, dans le cadre de la 9\u00e8 \u00e9dition du Festival maghr\u00e9bin du film d\u2019Oujda qui se tient du 25 au 29 novembre en version digitale.<\/p>\n<p class=\"c4\">Les intervenants lors de ce webinaire qui avait pour th\u00e8me central \u00abL\u2019avenir du cin\u00e9ma apr\u00e8s le Covid-19\u00bb ont fait remarquer qu\u2019\u00e0 cause de cette pand\u00e9mie, le secteur culturel a \u00e9t\u00e9 durement affect\u00e9 dans son potentiel de production, c\u2019est-\u00e0-dire dans sa force productive, mais \u00e9galement dans ses ressources humaines.<\/p>\n<p class=\"c4\">Et de relever que cette situation a conduit \u00e0 une prise de conscience chez les responsables et des d\u00e9cideurs de l\u2019importance de la culture en tant que secteur productif, et du r\u00f4le qu\u2019elle joue \u00e0 plusieurs niveaux (animation sociale, cr\u00e9ation d\u2019emplois, maintien du lien social,\u2026), estimant dans ce sens que cette prise de conscience a \u00e9t\u00e9 faite surtout par l\u2019absence de la culture.<\/p>\n<p class=\"c4\">La situation li\u00e9e \u00e0 la Covid-19 a montr\u00e9 aussi la capacit\u00e9 de cr\u00e9ativit\u00e9, d\u2019invention et de r\u00e9silience de la culture \u00e0 travers l\u2019organisation de grandes rencontres culturelles (concert de musique, festival, ..) o\u00f9 le digital remplace la magie du live, ont-ils encore ajout\u00e9.<\/p>\n<p class=\"c4\">Pour certains participants, cette crise a \u00e9t\u00e9 un r\u00e9v\u00e9lateur et a permis ainsi de se rendre compte que le cin\u00e9ma avait occup\u00e9 une tr\u00e8s grande place dans le d\u00e9veloppement du champ culturel, affirmant \u00e0 cet \u00e9gard que le cin\u00e9ma est un indicateur de la d\u00e9mocratie dans un pays, de la libert\u00e9 de cr\u00e9er et de s\u2019exprimer, et du degr\u00e9 d\u2019ouverture d\u2019une soci\u00e9t\u00e9.<\/p>\n<p class=\"c4\">Estimant que le cin\u00e9ma a une omnipr\u00e9sence dans le champ culturel et le v\u00e9cu des gens, ils ont mis l\u2019accent sur l\u2019impact et les cons\u00e9quences n\u00e9fastes du coronavirus sur le septi\u00e8me art et l\u2019industrie cin\u00e9matographique qui est un secteur \u00e9conomique \u00e0 part enti\u00e8re (report de nombreuses grosses productions, fermeture des salles de cin\u00e9ma, \u2026).<\/p>\n<p class=\"c4\">L\u2019accent a \u00e9t\u00e9 mis aussi dans le cadre de ce colloque \u00e0 distance sur le d\u00e9veloppement des infrastructures culturelles et du secteur du cin\u00e9ma dans le Maghreb, plus particuli\u00e8rement au Maroc, et un appel a \u00e9t\u00e9 lanc\u00e9 \u00e0 cette occasion pour le renforcement de la coop\u00e9ration dans ce domaine entre les pays du Maghreb et les autres pays du continent africain.<\/p>\n<p class=\"c4\">De l\u2019avis des intervenants, la reprise du cin\u00e9ma apr\u00e8s Covid-19 ne sera pas facile, arguant que suite \u00e0 un entracte forc\u00e9 et un arr\u00eat de la production cin\u00e9matographique, il faudra d\u00e9ployer beaucoup d\u2019efforts non seulement en terme de production mais aussi au niveau de la mise en exploitation.<\/p>\n<p class=\"c4\">Dans cette veine, ils ont \u00e9voqu\u00e9 le besoin d\u2019un v\u00e9ritable projet culturel qui pourrait \u00eatre une vraie base pour pouvoir relancer la culture et l\u2019art, qui sont g\u00e9n\u00e9rateurs de recettes, dans les pays du Maghreb, mettant en avant l\u2019imp\u00e9ratif de l\u2019implication du secteur priv\u00e9 et des acteurs associatifs pour redonner vie au cin\u00e9ma, de mettre \u00e0 profit les richesses culturelles des territoires et de faire confiance aux jeunes.<\/p>\n<p class=\"c4\">S\u2019agissant des perspectives, les intervenants se sont montr\u00e9s confiants quand \u00e0 l\u2019avenir du cin\u00e9ma apr\u00e8s cette pand\u00e9mie qui a r\u00e9v\u00e9l\u00e9 les vrais probl\u00e8mes du secteur cin\u00e9matographique.<\/p>\n<p class=\"c4\">D\u2019autres questions concernant la culture et le cin\u00e9ma ont \u00e9t\u00e9 soulev\u00e9es lors de ce colloque, \u00e0 savoir \u00ab\u00a0comment la culture et le cin\u00e9ma ont-ils jou\u00e9 un r\u00f4le dans le d\u00e9veloppement et la promotion de certaines composantes de la soci\u00e9t\u00e9 ?\u00a0\u00bb, \u00ab\u00a0quelles sont les r\u00e9gions et destinations connues dans le monde o\u00f9 la culture a contribu\u00e9 au d\u00e9veloppement territorial et humain ?\u00a0\u00bb et \u00ab\u00a0pourquoi certaines personnes ne consid\u00e8rent-elles pas la Culture comme un levier capable de cr\u00e9er la richesse ?\u00a0\u00bb.<\/p>\n<p class=\"c4\">Ce webinaire a connu la participation de Mohammed Mbarki, directeur g\u00e9n\u00e9ral de l\u2019Agence de d\u00e9veloppement de l\u2019Oriental, Amer Chergui, r\u00e9alisateur et critique de cin\u00e9ma (Maroc), Lamia Belkaied Guiga, universitaire (Tunisie), Pierre Mateo, directeur de l\u2019Institut fran\u00e7ais d\u2019Oujda, Kamal Kamal, r\u00e9alisateur-producteur et sc\u00e9nariste (Maroc), Khalil Damoun, critique de cin\u00e9ma (Maroc), Mehamdi Djamel, auteur et critique de cin\u00e9ma (Alg\u00e9rie) et Khalid Za\u00efri, producteur (Maroc).<\/p>\n<p class=\"c4\">S\u2019agissant du choix du th\u00e8me retenu pour le webinaire, les organisateurs avancent que le cin\u00e9ma est un levier de modernit\u00e9, un outil de d\u00e9veloppement et un moyen de renforcement du patrimoine commun humain et des valeurs universelles reconnues.<\/p>\n<p class=\"c4\">\u00ab\u00a0Le Cin\u00e9ma n\u2019a jamais \u00e9t\u00e9 un simple spectateur de l\u2019univers, mais a toujours \u00e9t\u00e9 interactif avec lui, et a constitu\u00e9 un moyen de sa transposition et de son interpr\u00e9tation tel qu\u2019il est, ou plut\u00f4t tel qu\u2019il devrait \u00eatre, ou \u00eatre imagin\u00e9, ou du moins tel qu\u2019il est cens\u00e9 \u00eatre et devenir\u00a0\u00bb, estiment-ils dans une note de pr\u00e9sentation.<\/p>\n<p class=\"c4\">Le Festival maghr\u00e9bin du film d\u2019Oujda qui est organis\u00e9 sous le signe \u00abOujda, Carrefour du Cin\u00e9ma Maghr\u00e9bin\u00bb par l\u2019association Cin\u00e9-Maghreb en coordination avec plusieurs partenaires, revient cette ann\u00e9e en force, plus mobilis\u00e9 que jamais, pour honorer son rendez-vous annuel malgr\u00e9 la conjoncture actuelle li\u00e9e \u00e0 la pand\u00e9mie du Covid-19.<\/p>\n<p>Auteur: Soufiane ELAHMAR<br \/>\n<a href=\"http:\/\/www.mapoujda.ma\/fr\/la-culture-et-lart-des-creneaux-pour-le-developpement-des-nations\/\">Cliquez ici pour lire l&rsquo;article depuis sa source.<\/a><\/p>\n","protected":false},"excerpt":{"rendered":"<p>La culture et l\u2019art constituent des cr\u00e9neaux tr\u00e8s int\u00e9ressants pour le d\u00e9veloppement des nations, ont soulign\u00e9 les participants \u00e0 un webinaire organis\u00e9, vendredi soir, dans le cadre de la 9\u00e8 \u00e9dition du Festival maghr\u00e9bin du film d\u2019Oujda qui se tient du 25 au 29 novembre en version digitale. Les intervenants lors de ce webinaire qui [&hellip;]<\/p>\n","protected":false},"author":1788,"featured_media":0,"comment_status":"closed","ping_status":"closed","sticky":false,"template":"","format":"standard","meta":{"fifu_image_url":"","fifu_image_alt":"","footnotes":""},"categories":[54,76],"tags":[],"class_list":["post-105956","post","type-post","status-publish","format-standard","hentry","category-maroc","category-regions"],"_links":{"self":[{"href":"https:\/\/linitiative.ca\/International\/wp-json\/wp\/v2\/posts\/105956","targetHints":{"allow":["GET"]}}],"collection":[{"href":"https:\/\/linitiative.ca\/International\/wp-json\/wp\/v2\/posts"}],"about":[{"href":"https:\/\/linitiative.ca\/International\/wp-json\/wp\/v2\/types\/post"}],"author":[{"embeddable":true,"href":"https:\/\/linitiative.ca\/International\/wp-json\/wp\/v2\/users\/1788"}],"replies":[{"embeddable":true,"href":"https:\/\/linitiative.ca\/International\/wp-json\/wp\/v2\/comments?post=105956"}],"version-history":[{"count":0,"href":"https:\/\/linitiative.ca\/International\/wp-json\/wp\/v2\/posts\/105956\/revisions"}],"wp:attachment":[{"href":"https:\/\/linitiative.ca\/International\/wp-json\/wp\/v2\/media?parent=105956"}],"wp:term":[{"taxonomy":"category","embeddable":true,"href":"https:\/\/linitiative.ca\/International\/wp-json\/wp\/v2\/categories?post=105956"},{"taxonomy":"post_tag","embeddable":true,"href":"https:\/\/linitiative.ca\/International\/wp-json\/wp\/v2\/tags?post=105956"}],"curies":[{"name":"wp","href":"https:\/\/api.w.org\/{rel}","templated":true}]}}